{"id":4949,"date":"2022-07-21T06:37:49","date_gmt":"2022-07-21T11:37:49","guid":{"rendered":"https:\/\/www.elamazonico.com\/portal\/?p=4949"},"modified":"2022-07-21T06:37:55","modified_gmt":"2022-07-21T11:37:55","slug":"izquierda-democratica-asegura-su-participacion-en-comicios-seccionales-2023","status":"publish","type":"post","link":"https:\/\/www.elamazonico.com\/portal\/izquierda-democratica-asegura-su-participacion-en-comicios-seccionales-2023\/","title":{"rendered":"Izquierda Democr\u00e1tica asegura su participaci\u00f3n en comicios seccionales 2023"},"content":{"rendered":"\n<p>Mediante una rueda de prensa Iralda Larreategui, presidenta del movimiento pol\u00edtico Izquierda Democr\u00e1tica, da a conocer la resoluci\u00f3n del Consejo Nacional Electoral con respecto a la inscripci\u00f3n del partido dentro de este ente regulador, para participar en las siguientes elecciones seccionales 2023.<\/p>\n\n\n\n<p>La inscripci\u00f3n de la directiva provincial de Izquierda Democr\u00e1tica en el Consejo Nacional Electoral. Con fecha13 de julio del presente a\u00f1o, fue notificada del CNE, donde registran la directiva del Consejo Ejecutivo Provincial del partido Izquierda Democr\u00e1tica. Con este antecedente, la directiva tiene un car\u00e1cter legal y ya registrada dentro del CNE.<\/p>\n\n\n\n<p>Est\u00e1n avanzando con el tema de las alianzas, el tema de las elecciones primarias en conjunto con j\u00f3venes, mujeres, fundadores, quienes les han otorgado la mano para seguir adelante con este proceso. Indican que es una Izquierda Democr\u00e1tica nueva, que para estas elecciones plantea candidatos con una visi\u00f3n futurista. Su m\u00e1s grande ilusi\u00f3n es el cambio que debe tener, despu\u00e9s de 25 a\u00f1os de tener una \u201cpol\u00edtica retrasada\u201d. Tienen claro que no har\u00e1n alianzas ni con el partido de gobierno, ni con el Pachakutik, con el resto de movimientos pol\u00edticos se encuentran en conversaciones.<\/p>\n\n\n\n<p>Tienen dos precandidatos; el primero es por la prefectura, Paul Ortega, quien mediante una asamblea que se realiz\u00f3 y por pedido de los j\u00f3venes ya que contiene un perfil id\u00f3neo para administrar y para que acompa\u00f1e en esta etapa. Para las alcald\u00edas; por Zamora se trata del fundador de Izquierda Democr\u00e1tica como lo es Rodrigo Cabrera, quien fue tres veces secretario de esta organizaci\u00f3n durante la administraci\u00f3n de Rodrigo Borja. Su amplio recorrido pol\u00edtico y tambi\u00e9n le agrega que fue concejal, cumpliendo con los requisitos para llegar a ostentar esta dignidad, llegando a ser precandidato por la cabecera provincial. Mientras que, en el resto de cantones, a\u00fan se encuentran en conversaciones y est\u00e1n pr\u00f3ximos a definir los precandidatos en todos los cantones.<\/p>\n\n\n\n<p>El tema de los candidatos a concejales est\u00e1 siendo propuesto por cada precandidato de los distintos cantones de la provincia. Por su parte, Wilm\u00e1n Rodr\u00edguez, dio un paso al costado y trabaja por otro movimiento.<\/p>\n","protected":false},"excerpt":{"rendered":"<p>Mediante una rueda de prensa Iralda Larreategui, presidenta del movimiento pol\u00edtico Izquierda Democr\u00e1tica, da a conocer la resoluci\u00f3n del Consejo Nacional Electoral con respecto a la inscripci\u00f3n del partido dentro de este ente regulador, para participar en las siguientes elecciones seccionales 2023. La inscripci\u00f3n de la directiva provincial de Izquierda Democr\u00e1tica en el Consejo Nacional Electoral. Con fecha13 de julio del presente a\u00f1o, fue notificada del CNE, donde registran la directiva del Consejo Ejecutivo Provincial del partido Izquierda Democr\u00e1tica. Con este antecedente, la directiva tiene un car\u00e1cter legal y ya registrada dentro del CNE. Est\u00e1n avanzando con el tema de las alianzas, el tema de las elecciones primarias en conjunto con j\u00f3venes, mujeres, fundadores, quienes les han otorgado la mano para seguir adelante con este proceso. Indican que es una Izquierda Democr\u00e1tica nueva, que para estas elecciones plantea candidatos con una visi\u00f3n futurista. Su m\u00e1s grande ilusi\u00f3n es el cambio que debe tener, despu\u00e9s de 25 a\u00f1os de tener una \u201cpol\u00edtica retrasada\u201d. Tienen claro que no har\u00e1n alianzas ni con el partido de gobierno, ni con el Pachakutik, con el resto de movimientos pol\u00edticos se encuentran en conversaciones. Tienen dos precandidatos; el primero es por la prefectura, Paul Ortega, quien mediante una asamblea que se realiz\u00f3 y por pedido de los j\u00f3venes ya que contiene un perfil id\u00f3neo para administrar y para que acompa\u00f1e en esta etapa. Para las alcald\u00edas; por Zamora se trata del fundador de Izquierda Democr\u00e1tica como lo es Rodrigo Cabrera, quien fue tres veces secretario de esta organizaci\u00f3n durante la administraci\u00f3n de Rodrigo Borja. Su amplio recorrido pol\u00edtico y tambi\u00e9n le agrega que fue concejal, cumpliendo con los requisitos para llegar a ostentar esta dignidad, llegando a ser precandidato por la cabecera provincial. Mientras que, en el resto de cantones, a\u00fan se encuentran en conversaciones y est\u00e1n pr\u00f3ximos a definir los precandidatos en todos los cantones. El tema de los candidatos a concejales est\u00e1 siendo propuesto por cada precandidato de los distintos cantones de la provincia. Por su parte, Wilm\u00e1n Rodr\u00edguez, dio un paso al costado y trabaja por otro movimiento.<\/p>\n","protected":false},"author":1,"featured_media":4950,"comment_status":"open","ping_status":"open","sticky":false,"template":"","format":"standard","meta":{"footnotes":""},"categories":[243],"tags":[],"class_list":["post-4949","post","type-post","status-publish","format-standard","has-post-thumbnail","hentry","category-noticias-zamora"],"_links":{"self":[{"href":"https:\/\/www.elamazonico.com\/portal\/wp-json\/wp\/v2\/posts\/4949","targetHints":{"allow":["GET"]}}],"collection":[{"href":"https:\/\/www.elamazonico.com\/portal\/wp-json\/wp\/v2\/posts"}],"about":[{"href":"https:\/\/www.elamazonico.com\/portal\/wp-json\/wp\/v2\/types\/post"}],"author":[{"embeddable":true,"href":"https:\/\/www.elamazonico.com\/portal\/wp-json\/wp\/v2\/users\/1"}],"replies":[{"embeddable":true,"href":"https:\/\/www.elamazonico.com\/portal\/wp-json\/wp\/v2\/comments?post=4949"}],"version-history":[{"count":1,"href":"https:\/\/www.elamazonico.com\/portal\/wp-json\/wp\/v2\/posts\/4949\/revisions"}],"predecessor-version":[{"id":4951,"href":"https:\/\/www.elamazonico.com\/portal\/wp-json\/wp\/v2\/posts\/4949\/revisions\/4951"}],"wp:featuredmedia":[{"embeddable":true,"href":"https:\/\/www.elamazonico.com\/portal\/wp-json\/wp\/v2\/media\/4950"}],"wp:attachment":[{"href":"https:\/\/www.elamazonico.com\/portal\/wp-json\/wp\/v2\/media?parent=4949"}],"wp:term":[{"taxonomy":"category","embeddable":true,"href":"https:\/\/www.elamazonico.com\/portal\/wp-json\/wp\/v2\/categories?post=4949"},{"taxonomy":"post_tag","embeddable":true,"href":"https:\/\/www.elamazonico.com\/portal\/wp-json\/wp\/v2\/tags?post=4949"}],"curies":[{"name":"wp","href":"https:\/\/api.w.org\/{rel}","templated":true}]}}