{"id":4943,"date":"2022-07-21T06:32:18","date_gmt":"2022-07-21T11:32:18","guid":{"rendered":"https:\/\/www.elamazonico.com\/portal\/?p=4943"},"modified":"2022-07-21T06:32:28","modified_gmt":"2022-07-21T11:32:28","slug":"se-levanta-catastro-de-recintos-para-comicios-2023","status":"publish","type":"post","link":"https:\/\/www.elamazonico.com\/portal\/se-levanta-catastro-de-recintos-para-comicios-2023\/","title":{"rendered":"Se levanta catastro de recintos para comicios 2023"},"content":{"rendered":"\n<p>La Delegaci\u00f3n Provincial Electoral de Loja, a trav\u00e9s de la Unidad T\u00e9cnica Provincial de Procesos Electorales, visita los centros educativos para realizar el levantamiento del catastro de recintos electorales que ser\u00e1n habilitados para las Elecciones Seccionales y del Consejo de Participaci\u00f3n Ciudadana y Control Social (CPCCS) 2023.<\/p>\n\n\n\n<p>Mediante fichas t\u00e9cnicas los funcionarios identificaron si los establecimientos prestan las condiciones de infraestructura civil, cuentan con instalaciones el\u00e9ctricas adecuadas, poseen iluminarias y bater\u00edas sanitarias en correcto funcionamiento y si disponen de acceso a la tecnolog\u00eda. Adem\u00e1s, se verific\u00f3 que la instalaci\u00f3n de las Juntas Receptoras del Voto (JRV) permita que los ciudadanos ejerzan con normalidad su derecho al sufragio.<\/p>\n\n\n\n<p>Luis Cisneros Jaramillo, director de la Delegaci\u00f3n Electoral de Loja, manifest\u00f3 que este trabajo se realiza de manera articulada con el Ministerio de Educaci\u00f3n para acceder a los centros educativos. As\u00ed mismo, permitir\u00e1 definir el n\u00famero exacto de escuelas y colegios que ser\u00e1n habilitados como recintos electorales en los comicios, para su posterior oficializaci\u00f3n por parte de&nbsp; la Junta Provincial Electoral, de acuerdo a sus dependencias, a\u00f1adi\u00f3.<\/p>\n\n\n\n<p>Esta actividad es parte de lo establecido en el calendario electoral y permitir\u00e1 habilitar los recintos m\u00e1s cercanos al lugar de residencia de los electores.<\/p>\n","protected":false},"excerpt":{"rendered":"<p>La Delegaci\u00f3n Provincial Electoral de Loja, a trav\u00e9s de la Unidad T\u00e9cnica Provincial de Procesos Electorales, visita los centros educativos para realizar el levantamiento del catastro de recintos electorales que ser\u00e1n habilitados para las Elecciones Seccionales y del Consejo de Participaci\u00f3n Ciudadana y Control Social (CPCCS) 2023. Mediante fichas t\u00e9cnicas los funcionarios identificaron si los establecimientos prestan las condiciones de infraestructura civil, cuentan con instalaciones el\u00e9ctricas adecuadas, poseen iluminarias y bater\u00edas sanitarias en correcto funcionamiento y si disponen de acceso a la tecnolog\u00eda. Adem\u00e1s, se verific\u00f3 que la instalaci\u00f3n de las Juntas Receptoras del Voto (JRV) permita que los ciudadanos ejerzan con normalidad su derecho al sufragio. Luis Cisneros Jaramillo, director de la Delegaci\u00f3n Electoral de Loja, manifest\u00f3 que este trabajo se realiza de manera articulada con el Ministerio de Educaci\u00f3n para acceder a los centros educativos. As\u00ed mismo, permitir\u00e1 definir el n\u00famero exacto de escuelas y colegios que ser\u00e1n habilitados como recintos electorales en los comicios, para su posterior oficializaci\u00f3n por parte de&nbsp; la Junta Provincial Electoral, de acuerdo a sus dependencias, a\u00f1adi\u00f3. Esta actividad es parte de lo establecido en el calendario electoral y permitir\u00e1 habilitar los recintos m\u00e1s cercanos al lugar de residencia de los electores.<\/p>\n","protected":false},"author":1,"featured_media":4944,"comment_status":"open","ping_status":"open","sticky":false,"template":"","format":"standard","meta":{"footnotes":""},"categories":[268],"tags":[],"class_list":["post-4943","post","type-post","status-publish","format-standard","has-post-thumbnail","hentry","category-nacionales"],"_links":{"self":[{"href":"https:\/\/www.elamazonico.com\/portal\/wp-json\/wp\/v2\/posts\/4943","targetHints":{"allow":["GET"]}}],"collection":[{"href":"https:\/\/www.elamazonico.com\/portal\/wp-json\/wp\/v2\/posts"}],"about":[{"href":"https:\/\/www.elamazonico.com\/portal\/wp-json\/wp\/v2\/types\/post"}],"author":[{"embeddable":true,"href":"https:\/\/www.elamazonico.com\/portal\/wp-json\/wp\/v2\/users\/1"}],"replies":[{"embeddable":true,"href":"https:\/\/www.elamazonico.com\/portal\/wp-json\/wp\/v2\/comments?post=4943"}],"version-history":[{"count":1,"href":"https:\/\/www.elamazonico.com\/portal\/wp-json\/wp\/v2\/posts\/4943\/revisions"}],"predecessor-version":[{"id":4945,"href":"https:\/\/www.elamazonico.com\/portal\/wp-json\/wp\/v2\/posts\/4943\/revisions\/4945"}],"wp:featuredmedia":[{"embeddable":true,"href":"https:\/\/www.elamazonico.com\/portal\/wp-json\/wp\/v2\/media\/4944"}],"wp:attachment":[{"href":"https:\/\/www.elamazonico.com\/portal\/wp-json\/wp\/v2\/media?parent=4943"}],"wp:term":[{"taxonomy":"category","embeddable":true,"href":"https:\/\/www.elamazonico.com\/portal\/wp-json\/wp\/v2\/categories?post=4943"},{"taxonomy":"post_tag","embeddable":true,"href":"https:\/\/www.elamazonico.com\/portal\/wp-json\/wp\/v2\/tags?post=4943"}],"curies":[{"name":"wp","href":"https:\/\/api.w.org\/{rel}","templated":true}]}}