{"id":4937,"date":"2022-07-21T06:26:11","date_gmt":"2022-07-21T11:26:11","guid":{"rendered":"https:\/\/www.elamazonico.com\/portal\/?p=4937"},"modified":"2022-07-21T06:27:10","modified_gmt":"2022-07-21T11:27:10","slug":"108-estudiantes-con-discapacidad-se-incorporan-como-bachilleres","status":"publish","type":"post","link":"https:\/\/www.elamazonico.com\/portal\/108-estudiantes-con-discapacidad-se-incorporan-como-bachilleres\/","title":{"rendered":"108 estudiantes con discapacidad se incorporan como Bachilleres"},"content":{"rendered":"\n<p><em>Tres instituciones especializadas del r\u00e9gimen Sierra Amazon\u00eda de las provincias de Loja y Zamora Chinchipe organizan los eventos de graduaci\u00f3n.<\/em><\/p>\n\n\n\n<p>\u201cQuiero agradecer por este momento tan especial que nos ha tocado vivir junto a mis compa\u00f1eros. Gracias por el tiempo que nos ense\u00f1aron a compartir, ser solidarios y trabajar en equipo\u201d, as\u00ed se expres\u00f3 la estudiante Camila Tacuri, flamante Bachiller de la Rep\u00fablica, de la Unidad Educativa Especializada (UEE) Andr\u00e9s Francisco C\u00f3rdova de la ciudad de Zamora.<\/p>\n\n\n\n<p>En las provincias de Loja y Zamora Chinchipe que tienen el r\u00e9gimen Sierra Amazon\u00eda, son tres las instituciones educativas especializadas que incorporan como bachilleres a 39 estudiantes con discapacidad.<\/p>\n\n\n\n<p>Adicionalmente, 69 j\u00f3venes con discapacidad se grad\u00faan de la oferta ordinaria, como parte de la pol\u00edtica de educaci\u00f3n inclusiva, tambi\u00e9n obtienen su t\u00edtulo de Bachiller.<\/p>\n\n\n\n<p>Es el caso de la Unidad Educativa Bernardo Valdivieso, donde tres alumnos con necesidades educativas especiales asociadas a una discapacidad concluyeron sus estudios secundarios.<\/p>\n\n\n\n<p>Eugenia Rodr\u00edguez, directora de la UEE Andr\u00e9s C\u00f3rdova, coment\u00f3 que son cuatro estudiantes los graduados como parte de la oferta de Bachillerato T\u00e9cnico en la figura profesional de Servicios Hoteleros. \u201cEs la tercera promoci\u00f3n y estamos muy orgullosos de ustedes\u201d.<\/p>\n\n\n\n<p>Narciza Orellana, directora del Distrito 19D01 Yacuambi-Zamora, dijo que el ministerio ha facilitado un equipo multidisciplinario para atender a los estudiantes. \u201cLos conocimientos adquiridos ahora los pueden compartir en sus comunidades\u201d.<\/p>\n\n\n\n<p>Mientras tanto, en Loja la Unidad Educativa Luis Braille graduar\u00e1 a 7 estudiantes este 21 de julio; y la Unidad Educativa Especializada Ciudad de Loja No. 2, a 39 estudiantes el 26 de julio.<\/p>\n\n\n\n<p>Camilo Espinosa Pereira, coordinador de Educaci\u00f3n Zona 7, asegur\u00f3: \u201cLa inclusi\u00f3n responde a la garant\u00eda del derecho a una educaci\u00f3n de calidad, a trav\u00e9s del acceso, permanencia, aprendizaje y culminaci\u00f3n, de todos los ni\u00f1os, ni\u00f1as, adolescentes, j\u00f3venes y adultos en el sistema educativo, en todos sus niveles y modalidades\u201d.<\/p>\n\n\n\n<p>El Ministerio de Educaci\u00f3n, por medio del eje de trabajo \u201cTodos\u201d, busca la inserci\u00f3n de estudiantes con necesidades educativas especiales vinculadas o no a una discapacidad.<\/p>\n","protected":false},"excerpt":{"rendered":"<p>Tres instituciones especializadas del r\u00e9gimen Sierra Amazon\u00eda de las provincias de Loja y Zamora Chinchipe organizan los eventos de graduaci\u00f3n. \u201cQuiero agradecer por este momento tan especial que nos ha tocado vivir junto a mis compa\u00f1eros. Gracias por el tiempo que nos ense\u00f1aron a compartir, ser solidarios y trabajar en equipo\u201d, as\u00ed se expres\u00f3 la estudiante Camila Tacuri, flamante Bachiller de la Rep\u00fablica, de la Unidad Educativa Especializada (UEE) Andr\u00e9s Francisco C\u00f3rdova de la ciudad de Zamora. En las provincias de Loja y Zamora Chinchipe que tienen el r\u00e9gimen Sierra Amazon\u00eda, son tres las instituciones educativas especializadas que incorporan como bachilleres a 39 estudiantes con discapacidad. Adicionalmente, 69 j\u00f3venes con discapacidad se grad\u00faan de la oferta ordinaria, como parte de la pol\u00edtica de educaci\u00f3n inclusiva, tambi\u00e9n obtienen su t\u00edtulo de Bachiller. Es el caso de la Unidad Educativa Bernardo Valdivieso, donde tres alumnos con necesidades educativas especiales asociadas a una discapacidad concluyeron sus estudios secundarios. Eugenia Rodr\u00edguez, directora de la UEE Andr\u00e9s C\u00f3rdova, coment\u00f3 que son cuatro estudiantes los graduados como parte de la oferta de Bachillerato T\u00e9cnico en la figura profesional de Servicios Hoteleros. \u201cEs la tercera promoci\u00f3n y estamos muy orgullosos de ustedes\u201d. Narciza Orellana, directora del Distrito 19D01 Yacuambi-Zamora, dijo que el ministerio ha facilitado un equipo multidisciplinario para atender a los estudiantes. \u201cLos conocimientos adquiridos ahora los pueden compartir en sus comunidades\u201d. Mientras tanto, en Loja la Unidad Educativa Luis Braille graduar\u00e1 a 7 estudiantes este 21 de julio; y la Unidad Educativa Especializada Ciudad de Loja No. 2, a 39 estudiantes el 26 de julio. Camilo Espinosa Pereira, coordinador de Educaci\u00f3n Zona 7, asegur\u00f3: \u201cLa inclusi\u00f3n responde a la garant\u00eda del derecho a una educaci\u00f3n de calidad, a trav\u00e9s del acceso, permanencia, aprendizaje y culminaci\u00f3n, de todos los ni\u00f1os, ni\u00f1as, adolescentes, j\u00f3venes y adultos en el sistema educativo, en todos sus niveles y modalidades\u201d. El Ministerio de Educaci\u00f3n, por medio del eje de trabajo \u201cTodos\u201d, busca la inserci\u00f3n de estudiantes con necesidades educativas especiales vinculadas o no a una discapacidad.<\/p>\n","protected":false},"author":1,"featured_media":4938,"comment_status":"open","ping_status":"open","sticky":false,"template":"","format":"standard","meta":{"footnotes":""},"categories":[243],"tags":[],"class_list":["post-4937","post","type-post","status-publish","format-standard","has-post-thumbnail","hentry","category-noticias-zamora"],"_links":{"self":[{"href":"https:\/\/www.elamazonico.com\/portal\/wp-json\/wp\/v2\/posts\/4937","targetHints":{"allow":["GET"]}}],"collection":[{"href":"https:\/\/www.elamazonico.com\/portal\/wp-json\/wp\/v2\/posts"}],"about":[{"href":"https:\/\/www.elamazonico.com\/portal\/wp-json\/wp\/v2\/types\/post"}],"author":[{"embeddable":true,"href":"https:\/\/www.elamazonico.com\/portal\/wp-json\/wp\/v2\/users\/1"}],"replies":[{"embeddable":true,"href":"https:\/\/www.elamazonico.com\/portal\/wp-json\/wp\/v2\/comments?post=4937"}],"version-history":[{"count":1,"href":"https:\/\/www.elamazonico.com\/portal\/wp-json\/wp\/v2\/posts\/4937\/revisions"}],"predecessor-version":[{"id":4939,"href":"https:\/\/www.elamazonico.com\/portal\/wp-json\/wp\/v2\/posts\/4937\/revisions\/4939"}],"wp:featuredmedia":[{"embeddable":true,"href":"https:\/\/www.elamazonico.com\/portal\/wp-json\/wp\/v2\/media\/4938"}],"wp:attachment":[{"href":"https:\/\/www.elamazonico.com\/portal\/wp-json\/wp\/v2\/media?parent=4937"}],"wp:term":[{"taxonomy":"category","embeddable":true,"href":"https:\/\/www.elamazonico.com\/portal\/wp-json\/wp\/v2\/categories?post=4937"},{"taxonomy":"post_tag","embeddable":true,"href":"https:\/\/www.elamazonico.com\/portal\/wp-json\/wp\/v2\/tags?post=4937"}],"curies":[{"name":"wp","href":"https:\/\/api.w.org\/{rel}","templated":true}]}}