{"id":4925,"date":"2022-07-21T06:13:53","date_gmt":"2022-07-21T11:13:53","guid":{"rendered":"https:\/\/www.elamazonico.com\/portal\/?p=4925"},"modified":"2022-07-21T06:14:00","modified_gmt":"2022-07-21T11:14:00","slug":"jalkh-no-hay-plan-de-gobierno-sino-un-plan-de-negocio","status":"publish","type":"post","link":"https:\/\/www.elamazonico.com\/portal\/jalkh-no-hay-plan-de-gobierno-sino-un-plan-de-negocio\/","title":{"rendered":"Jalkh: &#8216;No hay plan de Gobierno, sino un plan de negocio&#8217;"},"content":{"rendered":"\n<p>Gustavo Jalkh, extitular del Consejo de la Judicatura, se\u00f1al\u00f3 que tras la nueva masacre ocurrida, esta vez en la c\u00e1rcel de Santo Domingo de los Ts\u00e1chilas, solo se demuestra que no hay Plan de Gobierno sino Plan de Negocio, con un total abandono de pol\u00edticas p\u00fablicas, pues es notorio que al Presidente de la Rep\u00fablica y su c\u00edrculo no les interesa trabajar por el bien com\u00fan.<\/p>\n\n\n\n<p>Critic\u00f3 que los hechos sangrientos suscitados en los centros penitenciarios se quieran justificar con una pelea de organizaciones por territorio, evidenciando que el r\u00e9gimen no controla su territorio y por tanto no hay Gobierno y ni siquiera Estado: \u201cPorque un elemento constitutivo del Estado es controlar territorio\u201d.<\/p>\n\n\n\n<p>Record\u00f3 que el propio informe de la Comisi\u00f3n Interamericana de Derechos Humanos (CIDH) ya alertaba que en las c\u00e1rceles hay un autogobierno que es controlado por otros, de ah\u00ed que inst\u00f3 a retomar la institucionalidad que tanto le estorbo a Len\u00edn Moreno y que hoy se denota su raz\u00f3n de ser como es el Ministerio de Justicia.<\/p>\n\n\n\n<p>Reproch\u00f3 el silencio elocuente del Gobierno ante las ya seis masacres que se han dado en la administraci\u00f3n de Guillermo Lasso y aunque, dijo, las comparaciones no deber\u00edan darse, si se tiene que reconocer la labor del expresidente Rafael Correa quien se reun\u00eda una y dos veces a la semana con su gabinete de seguridad para trabajar en pol\u00edticas de prevenci\u00f3n.<\/p>\n\n\n\n<p>Asever\u00f3 que el primer mot\u00edn no debi\u00f3 ocurrir, pero incluso ah\u00ed se podr\u00eda hablar de que los tom\u00f3 desprevenidos, pero el segundo es cuesti\u00f3n de mediocridad, ya la tercera es indolencia y la cuarta demuestra un abandono absoluto del Estado: \u201cNo saben administrar la cosa p\u00fablica, no la entienden, no es prioridad procurar la vida de los habitantes u honrar la vida garantizando seguridad\u201d.<\/p>\n\n\n\n<p>Mencion\u00f3 que en el Gobierno de Correa los homicidios se redujeron de 15 por cada 100 mil habitantes a 8 por cada 100 mil,&nbsp; y hoy ya est\u00e1 por encima de los 18 y muy posiblemente a finales de 2022 supere los 20 por cada 100 mil habitantes: \u201cLa tasa m\u00e1s alta de la historia del Ecuador, esos niveles de violencia ahuyenta la inversi\u00f3n p\u00fablica, son las causas que aumente el riego pa\u00eds\u201d.<\/p>\n\n\n\n<p>Jalkh puntualiz\u00f3 la necesidad de retomar la inteligencia preventiva penitenciaria, donde las autoridades se reun\u00edan con las organizaciones sociales, en este caso con los Comit\u00e9s de Familias de Privados de Libertad para tener una visi\u00f3n social de los internos e informaci\u00f3n sobre movimientos internos de bandas y desarticularlas a tiempo. (I)<\/p>\n\n\n\n<p>Ecuadorenvivo<\/p>\n","protected":false},"excerpt":{"rendered":"<p>Gustavo Jalkh, extitular del Consejo de la Judicatura, se\u00f1al\u00f3 que tras la nueva masacre ocurrida, esta vez en la c\u00e1rcel de Santo Domingo de los Ts\u00e1chilas, solo se demuestra que no hay Plan de Gobierno sino Plan de Negocio, con un total abandono de pol\u00edticas p\u00fablicas, pues es notorio que al Presidente de la Rep\u00fablica y su c\u00edrculo no les interesa trabajar por el bien com\u00fan. Critic\u00f3 que los hechos sangrientos suscitados en los centros penitenciarios se quieran justificar con una pelea de organizaciones por territorio, evidenciando que el r\u00e9gimen no controla su territorio y por tanto no hay Gobierno y ni siquiera Estado: \u201cPorque un elemento constitutivo del Estado es controlar territorio\u201d. Record\u00f3 que el propio informe de la Comisi\u00f3n Interamericana de Derechos Humanos (CIDH) ya alertaba que en las c\u00e1rceles hay un autogobierno que es controlado por otros, de ah\u00ed que inst\u00f3 a retomar la institucionalidad que tanto le estorbo a Len\u00edn Moreno y que hoy se denota su raz\u00f3n de ser como es el Ministerio de Justicia. Reproch\u00f3 el silencio elocuente del Gobierno ante las ya seis masacres que se han dado en la administraci\u00f3n de Guillermo Lasso y aunque, dijo, las comparaciones no deber\u00edan darse, si se tiene que reconocer la labor del expresidente Rafael Correa quien se reun\u00eda una y dos veces a la semana con su gabinete de seguridad para trabajar en pol\u00edticas de prevenci\u00f3n. Asever\u00f3 que el primer mot\u00edn no debi\u00f3 ocurrir, pero incluso ah\u00ed se podr\u00eda hablar de que los tom\u00f3 desprevenidos, pero el segundo es cuesti\u00f3n de mediocridad, ya la tercera es indolencia y la cuarta demuestra un abandono absoluto del Estado: \u201cNo saben administrar la cosa p\u00fablica, no la entienden, no es prioridad procurar la vida de los habitantes u honrar la vida garantizando seguridad\u201d. Mencion\u00f3 que en el Gobierno de Correa los homicidios se redujeron de 15 por cada 100 mil habitantes a 8 por cada 100 mil,&nbsp; y hoy ya est\u00e1 por encima de los 18 y muy posiblemente a finales de 2022 supere los 20 por cada 100 mil habitantes: \u201cLa tasa m\u00e1s alta de la historia del Ecuador, esos niveles de violencia ahuyenta la inversi\u00f3n p\u00fablica, son las causas que aumente el riego pa\u00eds\u201d. Jalkh puntualiz\u00f3 la necesidad de retomar la inteligencia preventiva penitenciaria, donde las autoridades se reun\u00edan con las organizaciones sociales, en este caso con los Comit\u00e9s de Familias de Privados de Libertad para tener una visi\u00f3n social de los internos e informaci\u00f3n sobre movimientos internos de bandas y desarticularlas a tiempo. (I) Ecuadorenvivo<\/p>\n","protected":false},"author":1,"featured_media":4926,"comment_status":"open","ping_status":"open","sticky":false,"template":"","format":"standard","meta":{"footnotes":""},"categories":[268],"tags":[],"class_list":["post-4925","post","type-post","status-publish","format-standard","has-post-thumbnail","hentry","category-nacionales"],"_links":{"self":[{"href":"https:\/\/www.elamazonico.com\/portal\/wp-json\/wp\/v2\/posts\/4925","targetHints":{"allow":["GET"]}}],"collection":[{"href":"https:\/\/www.elamazonico.com\/portal\/wp-json\/wp\/v2\/posts"}],"about":[{"href":"https:\/\/www.elamazonico.com\/portal\/wp-json\/wp\/v2\/types\/post"}],"author":[{"embeddable":true,"href":"https:\/\/www.elamazonico.com\/portal\/wp-json\/wp\/v2\/users\/1"}],"replies":[{"embeddable":true,"href":"https:\/\/www.elamazonico.com\/portal\/wp-json\/wp\/v2\/comments?post=4925"}],"version-history":[{"count":1,"href":"https:\/\/www.elamazonico.com\/portal\/wp-json\/wp\/v2\/posts\/4925\/revisions"}],"predecessor-version":[{"id":4927,"href":"https:\/\/www.elamazonico.com\/portal\/wp-json\/wp\/v2\/posts\/4925\/revisions\/4927"}],"wp:featuredmedia":[{"embeddable":true,"href":"https:\/\/www.elamazonico.com\/portal\/wp-json\/wp\/v2\/media\/4926"}],"wp:attachment":[{"href":"https:\/\/www.elamazonico.com\/portal\/wp-json\/wp\/v2\/media?parent=4925"}],"wp:term":[{"taxonomy":"category","embeddable":true,"href":"https:\/\/www.elamazonico.com\/portal\/wp-json\/wp\/v2\/categories?post=4925"},{"taxonomy":"post_tag","embeddable":true,"href":"https:\/\/www.elamazonico.com\/portal\/wp-json\/wp\/v2\/tags?post=4925"}],"curies":[{"name":"wp","href":"https:\/\/api.w.org\/{rel}","templated":true}]}}