{"id":4918,"date":"2022-07-20T06:17:25","date_gmt":"2022-07-20T11:17:25","guid":{"rendered":"https:\/\/www.elamazonico.com\/portal\/?p=4918"},"modified":"2022-07-20T06:20:29","modified_gmt":"2022-07-20T11:20:29","slug":"inauguran-cursos-vacacionales-zamora-2022","status":"publish","type":"post","link":"https:\/\/www.elamazonico.com\/portal\/inauguran-cursos-vacacionales-zamora-2022\/","title":{"rendered":"Inauguran cursos vacacionales Zamora 2022"},"content":{"rendered":"\n<p>El periodo acad\u00e9mico 2021-2022 finaliz\u00f3 en las regiones amaz\u00f3nica e insular; y con ello se inici\u00f3 con proyectos de cursos vacacionales. Dentro de la provincia, se est\u00e1n promocionados por el GAD cantonal de Zamora, con la finalidad de que la ni\u00f1ez y adolescencia de la cabecera cantonal de la provincia, pueda ser part\u00edcipe de un sinn\u00famero de actividades tanto deportivas y de arte, tales como el futbol, el canto, el piano, pintura, escultura, entre otras.<\/p>\n\n\n\n<p>El anuncio lo hizo el alcalde y concejales a trav\u00e9s de una rueda de prensa, expuesta en las redes sociales de dicha entidad municipal. La Unidad de Turismo en conjunto con la Direcci\u00f3n del Departamento Socioecon\u00f3mico, invitan a los padres de familia a que inscriban a sus hijos, para que as\u00ed, ocupen su tiempo libre de estas vacaciones en aprender nuevos talentos y habilidades. El proyecto est\u00e1 distribuido en todas las parroquias dentro de la cabecera cantonal.<\/p>\n\n\n\n<figure class=\"wp-block-image size-full\"><img fetchpriority=\"high\" decoding=\"async\" width=\"1025\" height=\"513\" src=\"https:\/\/www.elamazonico.com\/portal\/wp-content\/uploads\/2022\/07\/Formato-medios_1024-x-512.jpg\" alt=\"\" class=\"wp-image-4922\" srcset=\"https:\/\/www.elamazonico.com\/portal\/wp-content\/uploads\/2022\/07\/Formato-medios_1024-x-512.jpg 1025w, https:\/\/www.elamazonico.com\/portal\/wp-content\/uploads\/2022\/07\/Formato-medios_1024-x-512-300x150.jpg 300w, https:\/\/www.elamazonico.com\/portal\/wp-content\/uploads\/2022\/07\/Formato-medios_1024-x-512-768x384.jpg 768w\" sizes=\"(max-width: 1025px) 100vw, 1025px\" \/><\/figure>\n\n\n\n<p>Las palabras de apertura fueron realizadas por el concejal Vicente Lozano. \u201cGracias al director de Gesti\u00f3n de Desarrollo Econ\u00f3mico, se ha elaborado un proyecto para este curso vacacional, en beneficio de los ni\u00f1os, j\u00f3venes y adolescentes y a todo el cant\u00f3n Zamora\u201d. Con la finalidad de que los ni\u00f1os y adolescentes ocupe su tiempo en capacitarse en nuevas experiencias.<\/p>\n\n\n\n<p>Mientras, el director del departamento socioecon\u00f3mico del GAD municipal de Zamora, acent\u00faa la importancia de estos proyectos que diversifican las actividades vacacionales de los ni\u00f1os y adolescentes del cant\u00f3n. \u201cLa direcci\u00f3n de Desarrollo Socioecon\u00f3mico con la anuencia del se\u00f1or alcalde y concejales ha organizado un proyecto para servicio de la comunidad de la cabecera cantonal en todas sus parroquias, 2022\u201d.<\/p>\n\n\n\n<p>Se da a conocer los horarios, actividades, docentes encargados, n\u00famero de participantes para cada una.<\/p>\n\n\n\n<p><strong>Los servidores que trabajaran son:<\/strong><\/p>\n\n\n\n<ul class=\"wp-block-list\"><li>Freddy Vanegas: piano inicial; 19 participantes (9:30 am en adelante).<\/li><li>Jord\u00e1n Villavicencio: danza; 22 participantes (de 9: 30 a 10: 30 &#8211; 11:00 a 12: 00 y de 15:00 a 16:30).<\/li><li>Armando Romero: escuela de canto; 8 participantes (de 11:00 a 12:30 &#8211; 14:00 a 15:30 y 15:30 a 17:30).<\/li><li>Willan C\u00e1rdenas: Parroquia de Cumbaratza, teatro.<\/li><li>Rodrigo Tapia, parroquia Sabanilla,<\/li><li>Jos\u00e9 Daniel Guam\u00e1n, parroquia Timbara<\/li><li>Hugo Bravo, parroquia Imbana<\/li><li>Gorki Bravo, parroquia San Carlos de las Minas.<\/li><li>Jasson Gonzales, parroquia Guadalupe.<\/li><\/ul>\n\n\n\n<p><strong>Escuela de f\u00fatbol municipal de Zamora.<\/strong><\/p>\n\n\n\n<ul class=\"wp-block-list\"><li>De 14:00 a 15:00 todos los d\u00edas de la semana<\/li><\/ul>\n\n\n\n<p>Sub14 (profesor Nixon Torres)<\/p>\n\n\n\n<ul class=\"wp-block-list\"><li>De 15:00 a 16:00<\/li><\/ul>\n\n\n\n<p>Sub12 (profesor Jasson Loayza)<\/p>\n\n\n\n<ul class=\"wp-block-list\"><li>De 15:00 a 16:00<\/li><\/ul>\n\n\n\n<p>Sub10 (profesor Javier Anangon\u00f3)<\/p>\n\n\n\n<ul class=\"wp-block-list\"><li>De 16:00 a 17:00<\/li><\/ul>\n\n\n\n<p>Sub8 (profesor Jasson Morocho)<\/p>\n\n\n\n<ul class=\"wp-block-list\"><li>De 16:00 a 17:00<\/li><\/ul>\n\n\n\n<p>Sub6 (profesor Geovanny Loaiza)<\/p>\n\n\n\n<ul class=\"wp-block-list\"><li>17:00 a 18:15<\/li><\/ul>\n\n\n\n<p>Sub16 (profesor Nixon Torres)<\/p>\n\n\n\n<ul class=\"wp-block-list\"><li>De 18:15 a 19:30<\/li><\/ul>\n\n\n\n<p>Sub18 (profesor Nixon Torres)<\/p>\n\n\n\n<p>Todas las clases deportivas se van a llevar a cabo en las canchas del estadio del parque lineal. En este caso, los profesores de f\u00fatbol, pertenecen espec\u00edficamente del GAD municipal.<\/p>\n\n\n\n<p>Otro acontecimiento importante que dieron a conocer las autoridades es acerca del campeonato de la AME a nivel nacional, dando como resultado la victoria para el GAD municipal de Zamora y tambi\u00e9n la copa Centinela del C\u00f3ndor.<\/p>\n\n\n\n<p>En su intervenci\u00f3n, Manuel Gonz\u00e1lez, alcalde del cant\u00f3n Zamora, menciona la importancia de este proyecto. \u201cHa sido un proyecto aprobado por los concejales, con el apoyo de todos quienes conforman el gobierno municipal\u201d. Contando que en estos cursos vacacionales los padres de familia hagan participar a sus hijos, para que puedan aprender en sus momentos libres, e inicien con entusiasmo su nuevo a\u00f1o lectivo.<\/p>\n\n\n\n<p>Seg\u00fan la primera autoridad cantonal, el monto invertido en este proyecto es de 5 mil d\u00f3lares para la parte urbana y rural. Se muestra la predisposici\u00f3n de quienes impulsan este proyecto hacia delante para hablar de la cultura y el deporte.<\/p>\n","protected":false},"excerpt":{"rendered":"<p>El periodo acad\u00e9mico 2021-2022 finaliz\u00f3 en las regiones amaz\u00f3nica e insular; y con ello se inici\u00f3 con proyectos de cursos vacacionales. Dentro de la provincia, se est\u00e1n promocionados por el GAD cantonal de Zamora, con la finalidad de que la ni\u00f1ez y adolescencia de la cabecera cantonal de la provincia, pueda ser part\u00edcipe de un sinn\u00famero de actividades tanto deportivas y de arte, tales como el futbol, el canto, el piano, pintura, escultura, entre otras. El anuncio lo hizo el alcalde y concejales a trav\u00e9s de una rueda de prensa, expuesta en las redes sociales de dicha entidad municipal. La Unidad de Turismo en conjunto con la Direcci\u00f3n del Departamento Socioecon\u00f3mico, invitan a los padres de familia a que inscriban a sus hijos, para que as\u00ed, ocupen su tiempo libre de estas vacaciones en aprender nuevos talentos y habilidades. El proyecto est\u00e1 distribuido en todas las parroquias dentro de la cabecera cantonal. Las palabras de apertura fueron realizadas por el concejal Vicente Lozano. \u201cGracias al director de Gesti\u00f3n de Desarrollo Econ\u00f3mico, se ha elaborado un proyecto para este curso vacacional, en beneficio de los ni\u00f1os, j\u00f3venes y adolescentes y a todo el cant\u00f3n Zamora\u201d. Con la finalidad de que los ni\u00f1os y adolescentes ocupe su tiempo en capacitarse en nuevas experiencias. Mientras, el director del departamento socioecon\u00f3mico del GAD municipal de Zamora, acent\u00faa la importancia de estos proyectos que diversifican las actividades vacacionales de los ni\u00f1os y adolescentes del cant\u00f3n. \u201cLa direcci\u00f3n de Desarrollo Socioecon\u00f3mico con la anuencia del se\u00f1or alcalde y concejales ha organizado un proyecto para servicio de la comunidad de la cabecera cantonal en todas sus parroquias, 2022\u201d. Se da a conocer los horarios, actividades, docentes encargados, n\u00famero de participantes para cada una. Los servidores que trabajaran son: Freddy Vanegas: piano inicial; 19 participantes (9:30 am en adelante). Jord\u00e1n Villavicencio: danza; 22 participantes (de 9: 30 a 10: 30 &#8211; 11:00 a 12: 00 y de 15:00 a 16:30). Armando Romero: escuela de canto; 8 participantes (de 11:00 a 12:30 &#8211; 14:00 a 15:30 y 15:30 a 17:30). Willan C\u00e1rdenas: Parroquia de Cumbaratza, teatro. Rodrigo Tapia, parroquia Sabanilla, Jos\u00e9 Daniel Guam\u00e1n, parroquia Timbara Hugo Bravo, parroquia Imbana Gorki Bravo, parroquia San Carlos de las Minas. Jasson Gonzales, parroquia Guadalupe. Escuela de f\u00fatbol municipal de Zamora. De 14:00 a 15:00 todos los d\u00edas de la semana Sub14 (profesor Nixon Torres) De 15:00 a 16:00 Sub12 (profesor Jasson Loayza) De 15:00 a 16:00 Sub10 (profesor Javier Anangon\u00f3) De 16:00 a 17:00 Sub8 (profesor Jasson Morocho) De 16:00 a 17:00 Sub6 (profesor Geovanny Loaiza) 17:00 a 18:15 Sub16 (profesor Nixon Torres) De 18:15 a 19:30 Sub18 (profesor Nixon Torres) Todas las clases deportivas se van a llevar a cabo en las canchas del estadio del parque lineal. En este caso, los profesores de f\u00fatbol, pertenecen espec\u00edficamente del GAD municipal. Otro acontecimiento importante que dieron a conocer las autoridades es acerca del campeonato de la AME a nivel nacional, dando como resultado la victoria para el GAD municipal de Zamora y tambi\u00e9n la copa Centinela del C\u00f3ndor. En su intervenci\u00f3n, Manuel Gonz\u00e1lez, alcalde del cant\u00f3n Zamora, menciona la importancia de este proyecto. \u201cHa sido un proyecto aprobado por los concejales, con el apoyo de todos quienes conforman el gobierno municipal\u201d. Contando que en estos cursos vacacionales los padres de familia hagan participar a sus hijos, para que puedan aprender en sus momentos libres, e inicien con entusiasmo su nuevo a\u00f1o lectivo. Seg\u00fan la primera autoridad cantonal, el monto invertido en este proyecto es de 5 mil d\u00f3lares para la parte urbana y rural. Se muestra la predisposici\u00f3n de quienes impulsan este proyecto hacia delante para hablar de la cultura y el deporte.<\/p>\n","protected":false},"author":1,"featured_media":4919,"comment_status":"open","ping_status":"open","sticky":false,"template":"","format":"standard","meta":{"footnotes":""},"categories":[243],"tags":[],"class_list":["post-4918","post","type-post","status-publish","format-standard","has-post-thumbnail","hentry","category-noticias-zamora"],"_links":{"self":[{"href":"https:\/\/www.elamazonico.com\/portal\/wp-json\/wp\/v2\/posts\/4918","targetHints":{"allow":["GET"]}}],"collection":[{"href":"https:\/\/www.elamazonico.com\/portal\/wp-json\/wp\/v2\/posts"}],"about":[{"href":"https:\/\/www.elamazonico.com\/portal\/wp-json\/wp\/v2\/types\/post"}],"author":[{"embeddable":true,"href":"https:\/\/www.elamazonico.com\/portal\/wp-json\/wp\/v2\/users\/1"}],"replies":[{"embeddable":true,"href":"https:\/\/www.elamazonico.com\/portal\/wp-json\/wp\/v2\/comments?post=4918"}],"version-history":[{"count":3,"href":"https:\/\/www.elamazonico.com\/portal\/wp-json\/wp\/v2\/posts\/4918\/revisions"}],"predecessor-version":[{"id":4924,"href":"https:\/\/www.elamazonico.com\/portal\/wp-json\/wp\/v2\/posts\/4918\/revisions\/4924"}],"wp:featuredmedia":[{"embeddable":true,"href":"https:\/\/www.elamazonico.com\/portal\/wp-json\/wp\/v2\/media\/4919"}],"wp:attachment":[{"href":"https:\/\/www.elamazonico.com\/portal\/wp-json\/wp\/v2\/media?parent=4918"}],"wp:term":[{"taxonomy":"category","embeddable":true,"href":"https:\/\/www.elamazonico.com\/portal\/wp-json\/wp\/v2\/categories?post=4918"},{"taxonomy":"post_tag","embeddable":true,"href":"https:\/\/www.elamazonico.com\/portal\/wp-json\/wp\/v2\/tags?post=4918"}],"curies":[{"name":"wp","href":"https:\/\/api.w.org\/{rel}","templated":true}]}}