{"id":4912,"date":"2022-07-20T06:10:50","date_gmt":"2022-07-20T11:10:50","guid":{"rendered":"https:\/\/www.elamazonico.com\/portal\/?p=4912"},"modified":"2022-07-20T06:11:03","modified_gmt":"2022-07-20T11:11:03","slug":"en-zamora-chinchipe-134-mil-bovinos-seran-vacunados-contra-la-fiebre-aftosa","status":"publish","type":"post","link":"https:\/\/www.elamazonico.com\/portal\/en-zamora-chinchipe-134-mil-bovinos-seran-vacunados-contra-la-fiebre-aftosa\/","title":{"rendered":"<strong>En Zamora Chinchipe: 134 mil bovinos ser\u00e1n vacunados contra la fiebre aftosa<\/strong>"},"content":{"rendered":"\n<p>Desde&nbsp;el&nbsp;18&nbsp;de&nbsp;julio&nbsp;hasta&nbsp;el&nbsp;31&nbsp;de&nbsp;agosto&nbsp;de&nbsp;2022 a nivel nacional&nbsp;se realizar\u00e1 la&nbsp;campa\u00f1a de vacunaci\u00f3n contra la fiebre aftosa que&nbsp;est\u00e1&nbsp;a&nbsp;cargo&nbsp;del&nbsp;Ministerio&nbsp;de&nbsp;Agricultura&nbsp;y&nbsp;Ganader\u00eda&nbsp;(MAG),&nbsp;a&nbsp;trav\u00e9s&nbsp;de&nbsp;la&nbsp;Agencia&nbsp;de&nbsp;Regulaci\u00f3n&nbsp;y&nbsp;Control&nbsp;Fito&nbsp;y&nbsp;Zoosanitario&nbsp;(Agrocalidad).<\/p>\n\n\n\n<p>En la provincia se dio inicio a esta&nbsp;primera&nbsp;fase&nbsp;de&nbsp;vacunaci\u00f3n&nbsp;en la Finca Olguita del cant\u00f3n Zamora en donde particip\u00f3 el gobernador Absal\u00f3n Campoverde, quien invit\u00f3 a todos los ganaderos a cumplir con este proceso para obtener el certificado zoosanitario de movilidad, requisito habilitante para la comercializaci\u00f3n del ganado. Adem\u00e1s, resalt\u00f3 que el&nbsp;Estado&nbsp;subsidiar\u00e1&nbsp;el&nbsp;70%&nbsp;del&nbsp;costo&nbsp;de&nbsp;la&nbsp;vacuna&nbsp;(biol\u00f3gicos,&nbsp;agujas&nbsp;y&nbsp;certificados), mientras que el&nbsp;30%&nbsp;restante&nbsp;lo&nbsp;pagar\u00e1&nbsp;el&nbsp;propietario, es decir&nbsp;60&nbsp;centavos&nbsp;de&nbsp;d\u00f3lar.<\/p>\n\n\n\n<p>El&nbsp;objetivo&nbsp;de esta campa\u00f1a&nbsp;es&nbsp;mantener&nbsp;el&nbsp;estatus&nbsp;zoosanitario&nbsp;de&nbsp;Ecuador, son&nbsp;m\u00e1s&nbsp;de&nbsp;132&nbsp;meses&nbsp;(11&nbsp;a\u00f1os)&nbsp;que&nbsp;no&nbsp;se&nbsp;han&nbsp;presentado&nbsp;brotes&nbsp;de&nbsp;fiebre&nbsp;aftosa,&nbsp;lo&nbsp;que&nbsp;ha&nbsp;permitido&nbsp;criar&nbsp;ganado&nbsp;sano&nbsp;que&nbsp;produzca&nbsp;carne&nbsp;y&nbsp;leche,&nbsp;as\u00ed&nbsp;como&nbsp;derivados&nbsp;de&nbsp;calidad&nbsp;para el&nbsp;consumo&nbsp;del&nbsp;pa\u00eds&nbsp;y&nbsp;del&nbsp;mundo.<\/p>\n\n\n\n<p>\u201cEn Zamora Chinchipe el proceso de vacunaci\u00f3n est\u00e1 a cargo de la Operadora Valle de Yacuambi, misma que ya tiene experiencia realizando este trabajo en la provincia y cuenta con 53 brigadistas que ser\u00e1n distribuidos en coordinaci\u00f3n con los 6 t\u00e9cnicos de Agrocolidad, esto con el fin de alcanzar la meta establecida en el territorio que ser\u00eda de 134 mil animales a inmunizar. El enfoque de la vacuna est\u00e1 dirigido a lo que es ganado bovino y bufalino\u201d manifest\u00f3 el Jefe de Servicio de Sanidad Agropecuaria Zamora Chinchipe, encargado, Jos\u00e9 Miguel Quezada.<\/p>\n\n\n\n<p>Adem\u00e1s, Quezada enfatiz\u00f3 que la inversi\u00f3n en la provincia es de aproximadamente 188 mil d\u00f3lares de subsidio e&nbsp;invito&nbsp;a&nbsp;ganaderos,&nbsp;gremios,&nbsp;asociaciones&nbsp;y&nbsp;ciudadan\u00eda&nbsp;a&nbsp;sumarse&nbsp;a&nbsp;la&nbsp;campa\u00f1a.<\/p>\n\n\n\n<p>Para\u00a0conocer\u00a0la\u00a0calendarizaci\u00f3n\u00a0en\u00a0cada\u00a0zona\u00a0est\u00e1n\u00a0habilitados\u00a0los\u00a0canales:\u00a01800\u00a0247\u00a0600\u00a0o\u00a0a\u00a0trav\u00e9s\u00a0de\u00a0la\u00a0aplicaci\u00f3n\u00a0digital\u00a0AGRO\u00a0M\u00f3vil.<\/p>\n\n\n\n<figure class=\"wp-block-table\"><table><tbody><tr><td><strong>Cant\u00f3n<\/strong><\/td><td><strong>P<\/strong><strong>r<\/strong><strong>o<\/strong><strong>gramadores&nbsp;Zamora&nbsp;Chinchipe<\/strong><\/td><\/tr><tr><td><strong>C<\/strong><strong>HINCHIPE<\/strong><\/td><td>Ing.&nbsp;Christian&nbsp;Guevara<\/td><td>098870605<\/td><\/tr><tr><td><strong>P<\/strong><strong>A<\/strong><strong>L<\/strong><strong>A<\/strong><strong>NDA<\/strong><\/td><td>Dra.&nbsp;Katherine&nbsp;Pardo<\/td><td>0990818045<\/td><\/tr><tr><td><strong>Z<\/strong><strong>A<\/strong><strong>MORA<\/strong><\/td><td>Dr.&nbsp;Gerardo&nbsp;Cuenca<\/td><td>&nbsp;0986442864<\/td><\/tr><tr><td><strong>Y<\/strong><strong>AC<\/strong><strong>UAMBI<\/strong><\/td><\/tr><tr><td><strong>Y<\/strong><strong>A<\/strong><strong>NTZAZA<\/strong><\/td><td>&nbsp;Ing.&nbsp;Jorge&nbsp;Eraz<\/td><td>&nbsp;0994958938<\/td><\/tr><tr><td><strong>EL&nbsp;PANGUI<\/strong><\/td><\/tr><tr><td><strong>N<\/strong><strong>A<\/strong><strong>NGARITZA<\/strong><\/td><td>&nbsp;Dr.&nbsp;Jaime&nbsp;Ramos<\/td><td>&nbsp;0959517886<\/td><\/tr><tr><td><strong>CE<\/strong><strong>NTINELA&nbsp;DEL&nbsp;C\u00d3NDOR<\/strong><\/td><\/tr><tr><td><strong>P<\/strong><strong>A<\/strong><strong>QUISHA<\/strong><\/td><\/tr><\/tbody><\/table><\/figure>\n","protected":false},"excerpt":{"rendered":"<p>Desde&nbsp;el&nbsp;18&nbsp;de&nbsp;julio&nbsp;hasta&nbsp;el&nbsp;31&nbsp;de&nbsp;agosto&nbsp;de&nbsp;2022 a nivel nacional&nbsp;se realizar\u00e1 la&nbsp;campa\u00f1a de vacunaci\u00f3n contra la fiebre aftosa que&nbsp;est\u00e1&nbsp;a&nbsp;cargo&nbsp;del&nbsp;Ministerio&nbsp;de&nbsp;Agricultura&nbsp;y&nbsp;Ganader\u00eda&nbsp;(MAG),&nbsp;a&nbsp;trav\u00e9s&nbsp;de&nbsp;la&nbsp;Agencia&nbsp;de&nbsp;Regulaci\u00f3n&nbsp;y&nbsp;Control&nbsp;Fito&nbsp;y&nbsp;Zoosanitario&nbsp;(Agrocalidad). En la provincia se dio inicio a esta&nbsp;primera&nbsp;fase&nbsp;de&nbsp;vacunaci\u00f3n&nbsp;en la Finca Olguita del cant\u00f3n Zamora en donde particip\u00f3 el gobernador Absal\u00f3n Campoverde, quien invit\u00f3 a todos los ganaderos a cumplir con este proceso para obtener el certificado zoosanitario de movilidad, requisito habilitante para la comercializaci\u00f3n del ganado. Adem\u00e1s, resalt\u00f3 que el&nbsp;Estado&nbsp;subsidiar\u00e1&nbsp;el&nbsp;70%&nbsp;del&nbsp;costo&nbsp;de&nbsp;la&nbsp;vacuna&nbsp;(biol\u00f3gicos,&nbsp;agujas&nbsp;y&nbsp;certificados), mientras que el&nbsp;30%&nbsp;restante&nbsp;lo&nbsp;pagar\u00e1&nbsp;el&nbsp;propietario, es decir&nbsp;60&nbsp;centavos&nbsp;de&nbsp;d\u00f3lar. El&nbsp;objetivo&nbsp;de esta campa\u00f1a&nbsp;es&nbsp;mantener&nbsp;el&nbsp;estatus&nbsp;zoosanitario&nbsp;de&nbsp;Ecuador, son&nbsp;m\u00e1s&nbsp;de&nbsp;132&nbsp;meses&nbsp;(11&nbsp;a\u00f1os)&nbsp;que&nbsp;no&nbsp;se&nbsp;han&nbsp;presentado&nbsp;brotes&nbsp;de&nbsp;fiebre&nbsp;aftosa,&nbsp;lo&nbsp;que&nbsp;ha&nbsp;permitido&nbsp;criar&nbsp;ganado&nbsp;sano&nbsp;que&nbsp;produzca&nbsp;carne&nbsp;y&nbsp;leche,&nbsp;as\u00ed&nbsp;como&nbsp;derivados&nbsp;de&nbsp;calidad&nbsp;para el&nbsp;consumo&nbsp;del&nbsp;pa\u00eds&nbsp;y&nbsp;del&nbsp;mundo. \u201cEn Zamora Chinchipe el proceso de vacunaci\u00f3n est\u00e1 a cargo de la Operadora Valle de Yacuambi, misma que ya tiene experiencia realizando este trabajo en la provincia y cuenta con 53 brigadistas que ser\u00e1n distribuidos en coordinaci\u00f3n con los 6 t\u00e9cnicos de Agrocolidad, esto con el fin de alcanzar la meta establecida en el territorio que ser\u00eda de 134 mil animales a inmunizar. El enfoque de la vacuna est\u00e1 dirigido a lo que es ganado bovino y bufalino\u201d manifest\u00f3 el Jefe de Servicio de Sanidad Agropecuaria Zamora Chinchipe, encargado, Jos\u00e9 Miguel Quezada. Adem\u00e1s, Quezada enfatiz\u00f3 que la inversi\u00f3n en la provincia es de aproximadamente 188 mil d\u00f3lares de subsidio e&nbsp;invito&nbsp;a&nbsp;ganaderos,&nbsp;gremios,&nbsp;asociaciones&nbsp;y&nbsp;ciudadan\u00eda&nbsp;a&nbsp;sumarse&nbsp;a&nbsp;la&nbsp;campa\u00f1a. Para\u00a0conocer\u00a0la\u00a0calendarizaci\u00f3n\u00a0en\u00a0cada\u00a0zona\u00a0est\u00e1n\u00a0habilitados\u00a0los\u00a0canales:\u00a01800\u00a0247\u00a0600\u00a0o\u00a0a\u00a0trav\u00e9s\u00a0de\u00a0la\u00a0aplicaci\u00f3n\u00a0digital\u00a0AGRO\u00a0M\u00f3vil. Cant\u00f3n Programadores&nbsp;Zamora&nbsp;Chinchipe CHINCHIPE Ing.&nbsp;Christian&nbsp;Guevara 098870605 PALANDA Dra.&nbsp;Katherine&nbsp;Pardo 0990818045 ZAMORA Dr.&nbsp;Gerardo&nbsp;Cuenca &nbsp;0986442864 YACUAMBI YANTZAZA &nbsp;Ing.&nbsp;Jorge&nbsp;Eraz &nbsp;0994958938 EL&nbsp;PANGUI NANGARITZA &nbsp;Dr.&nbsp;Jaime&nbsp;Ramos &nbsp;0959517886 CENTINELA&nbsp;DEL&nbsp;C\u00d3NDOR PAQUISHA<\/p>\n","protected":false},"author":1,"featured_media":4913,"comment_status":"open","ping_status":"open","sticky":false,"template":"","format":"standard","meta":{"footnotes":""},"categories":[243],"tags":[],"class_list":["post-4912","post","type-post","status-publish","format-standard","has-post-thumbnail","hentry","category-noticias-zamora"],"_links":{"self":[{"href":"https:\/\/www.elamazonico.com\/portal\/wp-json\/wp\/v2\/posts\/4912","targetHints":{"allow":["GET"]}}],"collection":[{"href":"https:\/\/www.elamazonico.com\/portal\/wp-json\/wp\/v2\/posts"}],"about":[{"href":"https:\/\/www.elamazonico.com\/portal\/wp-json\/wp\/v2\/types\/post"}],"author":[{"embeddable":true,"href":"https:\/\/www.elamazonico.com\/portal\/wp-json\/wp\/v2\/users\/1"}],"replies":[{"embeddable":true,"href":"https:\/\/www.elamazonico.com\/portal\/wp-json\/wp\/v2\/comments?post=4912"}],"version-history":[{"count":1,"href":"https:\/\/www.elamazonico.com\/portal\/wp-json\/wp\/v2\/posts\/4912\/revisions"}],"predecessor-version":[{"id":4914,"href":"https:\/\/www.elamazonico.com\/portal\/wp-json\/wp\/v2\/posts\/4912\/revisions\/4914"}],"wp:featuredmedia":[{"embeddable":true,"href":"https:\/\/www.elamazonico.com\/portal\/wp-json\/wp\/v2\/media\/4913"}],"wp:attachment":[{"href":"https:\/\/www.elamazonico.com\/portal\/wp-json\/wp\/v2\/media?parent=4912"}],"wp:term":[{"taxonomy":"category","embeddable":true,"href":"https:\/\/www.elamazonico.com\/portal\/wp-json\/wp\/v2\/categories?post=4912"},{"taxonomy":"post_tag","embeddable":true,"href":"https:\/\/www.elamazonico.com\/portal\/wp-json\/wp\/v2\/tags?post=4912"}],"curies":[{"name":"wp","href":"https:\/\/api.w.org\/{rel}","templated":true}]}}