{"id":4903,"date":"2022-07-20T06:00:34","date_gmt":"2022-07-20T11:00:34","guid":{"rendered":"https:\/\/www.elamazonico.com\/portal\/?p=4903"},"modified":"2022-07-20T06:00:44","modified_gmt":"2022-07-20T11:00:44","slug":"pachakutik-buscara-un-juicio-politico-contra-el-ministro-del-interior","status":"publish","type":"post","link":"https:\/\/www.elamazonico.com\/portal\/pachakutik-buscara-un-juicio-politico-contra-el-ministro-del-interior\/","title":{"rendered":"Pachakutik buscar\u00e1 un juicio pol\u00edtico contra el ministro del Interior"},"content":{"rendered":"\n<p>Mario Ruiz, asamble\u00edsta de&nbsp;Pachakutik, anuncia que pedir\u00e1 juicio pol\u00edtico contra el ministro del Interior, Patricio Carrillo, por actuaci\u00f3n de la Polic\u00eda en las protestas de junio 2022.<\/p>\n\n\n\n<p>Hasta la Asamblea Nacional llegaron representantes del Frente Popular y la Uni\u00f3n Nacional de Educadores (UNES), para pedir el inicio del juicio pol\u00edtico contra Carrillo y tambi\u00e9n contra el ministro de Defensa, Luis Lara.<\/p>\n\n\n\n<p>\u201cEllos son los responsables de utilizar la violencia en contra del pueblo. En vez de utilizar el di\u00e1logo, lo que hicieron es dar paso a varias acciones que provocaron la muerte de luchadores sociales\u201d, enfatiz\u00f3 Nelson Erazo, del Frente Popular.<\/p>\n\n\n\n<p>El asamble\u00edsta Fernando Cabascango, presidente de la Comisi\u00f3n de Derechos Humanos, inform\u00f3 que avocar\u00e1 conocimiento, en los pr\u00f3ximos d\u00edas, sobre los hechos ocurridos en las movilizaciones. (I)<\/p>\n","protected":false},"excerpt":{"rendered":"<p>Mario Ruiz, asamble\u00edsta de&nbsp;Pachakutik, anuncia que pedir\u00e1 juicio pol\u00edtico contra el ministro del Interior, Patricio Carrillo, por actuaci\u00f3n de la Polic\u00eda en las protestas de junio 2022. Hasta la Asamblea Nacional llegaron representantes del Frente Popular y la Uni\u00f3n Nacional de Educadores (UNES), para pedir el inicio del juicio pol\u00edtico contra Carrillo y tambi\u00e9n contra el ministro de Defensa, Luis Lara. \u201cEllos son los responsables de utilizar la violencia en contra del pueblo. En vez de utilizar el di\u00e1logo, lo que hicieron es dar paso a varias acciones que provocaron la muerte de luchadores sociales\u201d, enfatiz\u00f3 Nelson Erazo, del Frente Popular. El asamble\u00edsta Fernando Cabascango, presidente de la Comisi\u00f3n de Derechos Humanos, inform\u00f3 que avocar\u00e1 conocimiento, en los pr\u00f3ximos d\u00edas, sobre los hechos ocurridos en las movilizaciones. (I)<\/p>\n","protected":false},"author":1,"featured_media":4904,"comment_status":"open","ping_status":"open","sticky":false,"template":"","format":"standard","meta":{"footnotes":""},"categories":[268],"tags":[],"class_list":["post-4903","post","type-post","status-publish","format-standard","has-post-thumbnail","hentry","category-nacionales"],"_links":{"self":[{"href":"https:\/\/www.elamazonico.com\/portal\/wp-json\/wp\/v2\/posts\/4903","targetHints":{"allow":["GET"]}}],"collection":[{"href":"https:\/\/www.elamazonico.com\/portal\/wp-json\/wp\/v2\/posts"}],"about":[{"href":"https:\/\/www.elamazonico.com\/portal\/wp-json\/wp\/v2\/types\/post"}],"author":[{"embeddable":true,"href":"https:\/\/www.elamazonico.com\/portal\/wp-json\/wp\/v2\/users\/1"}],"replies":[{"embeddable":true,"href":"https:\/\/www.elamazonico.com\/portal\/wp-json\/wp\/v2\/comments?post=4903"}],"version-history":[{"count":1,"href":"https:\/\/www.elamazonico.com\/portal\/wp-json\/wp\/v2\/posts\/4903\/revisions"}],"predecessor-version":[{"id":4905,"href":"https:\/\/www.elamazonico.com\/portal\/wp-json\/wp\/v2\/posts\/4903\/revisions\/4905"}],"wp:featuredmedia":[{"embeddable":true,"href":"https:\/\/www.elamazonico.com\/portal\/wp-json\/wp\/v2\/media\/4904"}],"wp:attachment":[{"href":"https:\/\/www.elamazonico.com\/portal\/wp-json\/wp\/v2\/media?parent=4903"}],"wp:term":[{"taxonomy":"category","embeddable":true,"href":"https:\/\/www.elamazonico.com\/portal\/wp-json\/wp\/v2\/categories?post=4903"},{"taxonomy":"post_tag","embeddable":true,"href":"https:\/\/www.elamazonico.com\/portal\/wp-json\/wp\/v2\/tags?post=4903"}],"curies":[{"name":"wp","href":"https:\/\/api.w.org\/{rel}","templated":true}]}}