{"id":4900,"date":"2022-07-20T05:59:05","date_gmt":"2022-07-20T10:59:05","guid":{"rendered":"https:\/\/www.elamazonico.com\/portal\/?p=4900"},"modified":"2022-07-20T05:59:10","modified_gmt":"2022-07-20T10:59:10","slug":"coe-nacional-recomendo-el-uso-de-mascarillas-en-ciertos-espacios-cerrados%ef%bf%bc","status":"publish","type":"post","link":"https:\/\/www.elamazonico.com\/portal\/coe-nacional-recomendo-el-uso-de-mascarillas-en-ciertos-espacios-cerrados%ef%bf%bc\/","title":{"rendered":"COE Nacional recomend\u00f3 el uso de mascarillas en ciertos espacios cerrados\ufffc"},"content":{"rendered":"\n<p>El Comit\u00e9 de Operaciones de Emergencia (COE Nacional) confirm\u00f3 que las medidas sobre el uso de mascarillas en Ecuador se mantienen: obligatorio solamente en centros de salud y recomendable en lugares cerrados como buses, aviones, centros educativos.<\/p>\n\n\n\n<p>Durante una conferencia de prensa este martes 19 de julio del 2022, el ente, con presencia de autoridades de salud, encabezadas por el vicepresidente Alfredo Borrero, indic\u00f3 que los \u00edndices actuales de contagios de covid-19 no motivan a tomar medidas m\u00e1s dr\u00e1sticas.&nbsp;<\/p>\n\n\n\n<p>Jos\u00e9 Ruales, ministro de Salud, indic\u00f3 que&nbsp;a pesar del aumento de 11.000 casos positivos durante la \u00faltima semana, \u00abno tenemos un incremento proporcional de muertes. El n\u00famero de casos diarios se mantiene a la baja\u00bb. Es decir, se presenta \u00abun caso cada dos d\u00edas o diario en las \u00faltimas semanas\u00bb.&nbsp;&nbsp;<\/p>\n\n\n\n<p>Sin embargo, el Ministro admiti\u00f3 que el n\u00famero de registros de pruebas es bajo, lo que impide tener el n\u00famero real de casos confirmados. A pesar de ello, \u00ablas hospitalizaciones y ocupaciones de las UCI se mantienen estables\u00bb.<\/p>\n\n\n\n<p>En caso de darse pruebas positivas, Ruales indic\u00f3 que se mantienen los cinco d\u00edas aislamiento y cinco d\u00edas de uso de mascarillas obligatorio, posteriores. Los asintom\u00e1ticos tambi\u00e9n tendr\u00e1n cinco d\u00edas de aislamiento, de igual manera para quienes tienen sospecha.&nbsp;<\/p>\n\n\n\n<p>Juan Zapata, presidente del COE Nacional, tras conocer el informe del Ministerio de Salud, confirm\u00f3 la medida del uso de mascarillas, a manera de recomendaci\u00f3n, en espacios cerrados como transporte p\u00fablico, colegios, transporte a\u00e9reo&#8230; y obligatorio en casas de salud.&nbsp;<\/p>\n\n\n\n<p>Tambi\u00e9n pidi\u00f3 reforzar las medidas de bioseguridad en todos los lugares y fortalecer el proceso de vacunaci\u00f3n y de refuerzos.\u00a0(I)<\/p>\n","protected":false},"excerpt":{"rendered":"<p>El Comit\u00e9 de Operaciones de Emergencia (COE Nacional) confirm\u00f3 que las medidas sobre el uso de mascarillas en Ecuador se mantienen: obligatorio solamente en centros de salud y recomendable en lugares cerrados como buses, aviones, centros educativos. Durante una conferencia de prensa este martes 19 de julio del 2022, el ente, con presencia de autoridades de salud, encabezadas por el vicepresidente Alfredo Borrero, indic\u00f3 que los \u00edndices actuales de contagios de covid-19 no motivan a tomar medidas m\u00e1s dr\u00e1sticas.&nbsp; Jos\u00e9 Ruales, ministro de Salud, indic\u00f3 que&nbsp;a pesar del aumento de 11.000 casos positivos durante la \u00faltima semana, \u00abno tenemos un incremento proporcional de muertes. El n\u00famero de casos diarios se mantiene a la baja\u00bb. Es decir, se presenta \u00abun caso cada dos d\u00edas o diario en las \u00faltimas semanas\u00bb.&nbsp;&nbsp; Sin embargo, el Ministro admiti\u00f3 que el n\u00famero de registros de pruebas es bajo, lo que impide tener el n\u00famero real de casos confirmados. A pesar de ello, \u00ablas hospitalizaciones y ocupaciones de las UCI se mantienen estables\u00bb. En caso de darse pruebas positivas, Ruales indic\u00f3 que se mantienen los cinco d\u00edas aislamiento y cinco d\u00edas de uso de mascarillas obligatorio, posteriores. Los asintom\u00e1ticos tambi\u00e9n tendr\u00e1n cinco d\u00edas de aislamiento, de igual manera para quienes tienen sospecha.&nbsp; Juan Zapata, presidente del COE Nacional, tras conocer el informe del Ministerio de Salud, confirm\u00f3 la medida del uso de mascarillas, a manera de recomendaci\u00f3n, en espacios cerrados como transporte p\u00fablico, colegios, transporte a\u00e9reo&#8230; y obligatorio en casas de salud.&nbsp; Tambi\u00e9n pidi\u00f3 reforzar las medidas de bioseguridad en todos los lugares y fortalecer el proceso de vacunaci\u00f3n y de refuerzos.\u00a0(I)<\/p>\n","protected":false},"author":1,"featured_media":4901,"comment_status":"open","ping_status":"open","sticky":false,"template":"","format":"standard","meta":{"footnotes":""},"categories":[268],"tags":[],"class_list":["post-4900","post","type-post","status-publish","format-standard","has-post-thumbnail","hentry","category-nacionales"],"_links":{"self":[{"href":"https:\/\/www.elamazonico.com\/portal\/wp-json\/wp\/v2\/posts\/4900","targetHints":{"allow":["GET"]}}],"collection":[{"href":"https:\/\/www.elamazonico.com\/portal\/wp-json\/wp\/v2\/posts"}],"about":[{"href":"https:\/\/www.elamazonico.com\/portal\/wp-json\/wp\/v2\/types\/post"}],"author":[{"embeddable":true,"href":"https:\/\/www.elamazonico.com\/portal\/wp-json\/wp\/v2\/users\/1"}],"replies":[{"embeddable":true,"href":"https:\/\/www.elamazonico.com\/portal\/wp-json\/wp\/v2\/comments?post=4900"}],"version-history":[{"count":1,"href":"https:\/\/www.elamazonico.com\/portal\/wp-json\/wp\/v2\/posts\/4900\/revisions"}],"predecessor-version":[{"id":4902,"href":"https:\/\/www.elamazonico.com\/portal\/wp-json\/wp\/v2\/posts\/4900\/revisions\/4902"}],"wp:featuredmedia":[{"embeddable":true,"href":"https:\/\/www.elamazonico.com\/portal\/wp-json\/wp\/v2\/media\/4901"}],"wp:attachment":[{"href":"https:\/\/www.elamazonico.com\/portal\/wp-json\/wp\/v2\/media?parent=4900"}],"wp:term":[{"taxonomy":"category","embeddable":true,"href":"https:\/\/www.elamazonico.com\/portal\/wp-json\/wp\/v2\/categories?post=4900"},{"taxonomy":"post_tag","embeddable":true,"href":"https:\/\/www.elamazonico.com\/portal\/wp-json\/wp\/v2\/tags?post=4900"}],"curies":[{"name":"wp","href":"https:\/\/api.w.org\/{rel}","templated":true}]}}