{"id":4894,"date":"2022-07-19T06:20:07","date_gmt":"2022-07-19T11:20:07","guid":{"rendered":"https:\/\/www.elamazonico.com\/portal\/?p=4894"},"modified":"2022-07-19T06:20:12","modified_gmt":"2022-07-19T11:20:12","slug":"nilo-cordova-el-federalismo-como-solucion-a-las-necesidades-imperativas-en-ecuador","status":"publish","type":"post","link":"https:\/\/www.elamazonico.com\/portal\/nilo-cordova-el-federalismo-como-solucion-a-las-necesidades-imperativas-en-ecuador\/","title":{"rendered":"Nilo C\u00f3rdova \u201cEl federalismo como soluci\u00f3n a las necesidades imperativas en Ecuador\u201d"},"content":{"rendered":"\n<p>El federalismo en tiempos antiguos se dio para la creaci\u00f3n de pueblos y ciudades, catalogados como \u201cestados\u201d, mismos que se encargaban de resolver problemas internos, m\u00e1s sin permiso o aprobaci\u00f3n de un gobierno central. Con el tiempo pas\u00f3 a ser conformada por una naci\u00f3n o pa\u00eds.<\/p>\n\n\n\n<p>&nbsp;Loja, por ser parte de la historia del federalismo en Ecuador, se analiz\u00f3 antecedentes y precedentes de esta tem\u00e1tica con el candidato a prefecto por esta provincia, Dr. Nilo C\u00f3rdoba. Quien comento las posibilidades que existen de que una provincia tenga una transici\u00f3n para convertirse en un estado federado. En esta etapa, se ve un futuro significativo para que Ecuador resuelva muchas problem\u00e1ticas a partir de este cambio.<\/p>\n\n\n\n<p>El centralismo de la sierra inmoviliza al estado y genera pobreza en todo el Ecuador. Se comentaba que la miner\u00eda de Zamora Chinchipe, terminar\u00eda con los problemas en todo el pa\u00eds, pero no se da, ni si quiera en esta provincia amaz\u00f3nica.<\/p>\n\n\n\n<p>El poder central se maneja desde Quito. \u201cLa propuesta que tiene Jaime Nebot y que es la mejor alternativa para el Ecuador, que es el cambio hacia un nuevo sistema de gobierno, que es el federalismo\u201d. Refiere el candidato, al decir sobre la incertidumbre de que se vaya a crear un nuevo pa\u00eds, m\u00e1s bien, el mismo, pero mas unido.<\/p>\n\n\n\n<p>Loja, hace 163 a\u00f1os, se organiz\u00f3 como un distrito federal del Ecuador. Por ello, se cre\u00f3 la Universidad Nacional de Loja, la Corte Nacional de Loja. Con eso, se dio el mensaje al estado, de que, si no se atienden sus necesidades, la provincia se separar\u00eda de la jurisdicci\u00f3n ecuatoriana. La finalidad es que el gobierno administre menos recursos econ\u00f3micos y gobierne de mejor manera. Entonces, el gobierno entregar\u00eda esos recursos a la provincia, y ser\u00edan sus autoridades las encargadas de gestionarlos, sabiendo y conociendo las necesidades individuales.<\/p>\n\n\n\n<p>Este es un proceso complejo y poco conocido que se debe llevar con tiempo. D\u00e1ndolo a conocer desde la escuela y colegio, para que este tema sirva como una salida a los problemas a los que se enfrenta actualmente el pa\u00eds. De un 100% de aporte en impuestos desde Loja, solo alrededor de un 30%, regresa para las demandas de la provincia, estima C\u00f3rdoba.<\/p>\n\n\n\n<p>Las provincias que m\u00e1s aportan al estado son las que menos recursos han tenido. Hay ciudades y parroquias que necesitan la intervenci\u00f3n e inversi\u00f3n del estado, pero, sin embargo; no hay esa atenci\u00f3n. \u201cIr hacia un estado federado, de equilibrio, de justicia, de descentralizaci\u00f3n. La ant\u00edtesis del centralismo es el federalismo\u201d. Indica C\u00f3rdoba e insta a iniciar con un proceso de transici\u00f3n que provoque el cambio desde el poder centralista a el poder federado. Es importante que la poblaci\u00f3n conozca del efecto de desarrollo que acarrear\u00eda este cambio.<\/p>\n\n\n\n<p><strong>Ofertas pol\u00edticas para Loja<\/strong><\/p>\n\n\n\n<p>En Loja buscan la confirmaci\u00f3n de un gran frente de reconstrucci\u00f3n provincial. Porque se ha olvidado trabajar en el desarrollo rural y campesino. La estructura de dar la posibilidad de que la ganader\u00eda y agricultura puedan ser actividades rentables para vivir. A trav\u00e9s de la atenci\u00f3n emergente en vialidad y riego, volcar recursos en la inversi\u00f3n productiva de tal manera que se pueda hacer de la provincia de Loja, un lugar atractivo para trabajar y vivir.<\/p>\n\n\n\n<p>Plantear proyectos que permitan ofrecer fuentes de trabajo y empleo para muchas personas. De tal manera que la provincia de Loja, pueda ser sustentable y sostenible. \u201cEl sector rural, debe ser atendido por cualquier gobierno de turno, porque de \u00e9l dependemos m\u00e1s de 7 millones de ecuatorianos y del que se benefician todos los ecuatorianos\u201d. Asegura, Nilo C\u00f3rdoba al referirse a que los ecuatorianos estamos acostumbrados a que las soluciones siempre vengan \u201cde la gran ciudad\u201d.<\/p>\n\n\n\n<p>El paro nacional acontecido en junio, justamente se efectu\u00f3 para que se sepa que el sector agrario se encuentra en abandono y que existe exclusi\u00f3n.<\/p>\n\n\n\n<p>C\u00f3rdoba menciona que, al llegar a ocupar la dignidad de prefecto por la provincia de Loja, va a implementar un plan de producci\u00f3n que pueda mejorar realizaci\u00f3n y venta de productos de calidad que salgan desde el campo a la ciudad. Y los recursos que dispone el gobierno provincial, invertirlos de mejor manera.<\/p>\n","protected":false},"excerpt":{"rendered":"<p>El federalismo en tiempos antiguos se dio para la creaci\u00f3n de pueblos y ciudades, catalogados como \u201cestados\u201d, mismos que se encargaban de resolver problemas internos, m\u00e1s sin permiso o aprobaci\u00f3n de un gobierno central. Con el tiempo pas\u00f3 a ser conformada por una naci\u00f3n o pa\u00eds. &nbsp;Loja, por ser parte de la historia del federalismo en Ecuador, se analiz\u00f3 antecedentes y precedentes de esta tem\u00e1tica con el candidato a prefecto por esta provincia, Dr. Nilo C\u00f3rdoba. Quien comento las posibilidades que existen de que una provincia tenga una transici\u00f3n para convertirse en un estado federado. En esta etapa, se ve un futuro significativo para que Ecuador resuelva muchas problem\u00e1ticas a partir de este cambio. El centralismo de la sierra inmoviliza al estado y genera pobreza en todo el Ecuador. Se comentaba que la miner\u00eda de Zamora Chinchipe, terminar\u00eda con los problemas en todo el pa\u00eds, pero no se da, ni si quiera en esta provincia amaz\u00f3nica. El poder central se maneja desde Quito. \u201cLa propuesta que tiene Jaime Nebot y que es la mejor alternativa para el Ecuador, que es el cambio hacia un nuevo sistema de gobierno, que es el federalismo\u201d. Refiere el candidato, al decir sobre la incertidumbre de que se vaya a crear un nuevo pa\u00eds, m\u00e1s bien, el mismo, pero mas unido. Loja, hace 163 a\u00f1os, se organiz\u00f3 como un distrito federal del Ecuador. Por ello, se cre\u00f3 la Universidad Nacional de Loja, la Corte Nacional de Loja. Con eso, se dio el mensaje al estado, de que, si no se atienden sus necesidades, la provincia se separar\u00eda de la jurisdicci\u00f3n ecuatoriana. La finalidad es que el gobierno administre menos recursos econ\u00f3micos y gobierne de mejor manera. Entonces, el gobierno entregar\u00eda esos recursos a la provincia, y ser\u00edan sus autoridades las encargadas de gestionarlos, sabiendo y conociendo las necesidades individuales. Este es un proceso complejo y poco conocido que se debe llevar con tiempo. D\u00e1ndolo a conocer desde la escuela y colegio, para que este tema sirva como una salida a los problemas a los que se enfrenta actualmente el pa\u00eds. De un 100% de aporte en impuestos desde Loja, solo alrededor de un 30%, regresa para las demandas de la provincia, estima C\u00f3rdoba. Las provincias que m\u00e1s aportan al estado son las que menos recursos han tenido. Hay ciudades y parroquias que necesitan la intervenci\u00f3n e inversi\u00f3n del estado, pero, sin embargo; no hay esa atenci\u00f3n. \u201cIr hacia un estado federado, de equilibrio, de justicia, de descentralizaci\u00f3n. La ant\u00edtesis del centralismo es el federalismo\u201d. Indica C\u00f3rdoba e insta a iniciar con un proceso de transici\u00f3n que provoque el cambio desde el poder centralista a el poder federado. Es importante que la poblaci\u00f3n conozca del efecto de desarrollo que acarrear\u00eda este cambio. Ofertas pol\u00edticas para Loja En Loja buscan la confirmaci\u00f3n de un gran frente de reconstrucci\u00f3n provincial. Porque se ha olvidado trabajar en el desarrollo rural y campesino. La estructura de dar la posibilidad de que la ganader\u00eda y agricultura puedan ser actividades rentables para vivir. A trav\u00e9s de la atenci\u00f3n emergente en vialidad y riego, volcar recursos en la inversi\u00f3n productiva de tal manera que se pueda hacer de la provincia de Loja, un lugar atractivo para trabajar y vivir. Plantear proyectos que permitan ofrecer fuentes de trabajo y empleo para muchas personas. De tal manera que la provincia de Loja, pueda ser sustentable y sostenible. \u201cEl sector rural, debe ser atendido por cualquier gobierno de turno, porque de \u00e9l dependemos m\u00e1s de 7 millones de ecuatorianos y del que se benefician todos los ecuatorianos\u201d. Asegura, Nilo C\u00f3rdoba al referirse a que los ecuatorianos estamos acostumbrados a que las soluciones siempre vengan \u201cde la gran ciudad\u201d. El paro nacional acontecido en junio, justamente se efectu\u00f3 para que se sepa que el sector agrario se encuentra en abandono y que existe exclusi\u00f3n. C\u00f3rdoba menciona que, al llegar a ocupar la dignidad de prefecto por la provincia de Loja, va a implementar un plan de producci\u00f3n que pueda mejorar realizaci\u00f3n y venta de productos de calidad que salgan desde el campo a la ciudad. Y los recursos que dispone el gobierno provincial, invertirlos de mejor manera.<\/p>\n","protected":false},"author":1,"featured_media":4895,"comment_status":"open","ping_status":"open","sticky":false,"template":"","format":"standard","meta":{"footnotes":""},"categories":[268,243],"tags":[],"class_list":["post-4894","post","type-post","status-publish","format-standard","has-post-thumbnail","hentry","category-nacionales","category-noticias-zamora"],"_links":{"self":[{"href":"https:\/\/www.elamazonico.com\/portal\/wp-json\/wp\/v2\/posts\/4894","targetHints":{"allow":["GET"]}}],"collection":[{"href":"https:\/\/www.elamazonico.com\/portal\/wp-json\/wp\/v2\/posts"}],"about":[{"href":"https:\/\/www.elamazonico.com\/portal\/wp-json\/wp\/v2\/types\/post"}],"author":[{"embeddable":true,"href":"https:\/\/www.elamazonico.com\/portal\/wp-json\/wp\/v2\/users\/1"}],"replies":[{"embeddable":true,"href":"https:\/\/www.elamazonico.com\/portal\/wp-json\/wp\/v2\/comments?post=4894"}],"version-history":[{"count":1,"href":"https:\/\/www.elamazonico.com\/portal\/wp-json\/wp\/v2\/posts\/4894\/revisions"}],"predecessor-version":[{"id":4896,"href":"https:\/\/www.elamazonico.com\/portal\/wp-json\/wp\/v2\/posts\/4894\/revisions\/4896"}],"wp:featuredmedia":[{"embeddable":true,"href":"https:\/\/www.elamazonico.com\/portal\/wp-json\/wp\/v2\/media\/4895"}],"wp:attachment":[{"href":"https:\/\/www.elamazonico.com\/portal\/wp-json\/wp\/v2\/media?parent=4894"}],"wp:term":[{"taxonomy":"category","embeddable":true,"href":"https:\/\/www.elamazonico.com\/portal\/wp-json\/wp\/v2\/categories?post=4894"},{"taxonomy":"post_tag","embeddable":true,"href":"https:\/\/www.elamazonico.com\/portal\/wp-json\/wp\/v2\/tags?post=4894"}],"curies":[{"name":"wp","href":"https:\/\/api.w.org\/{rel}","templated":true}]}}