{"id":4877,"date":"2022-07-19T06:04:11","date_gmt":"2022-07-19T11:04:11","guid":{"rendered":"https:\/\/www.elamazonico.com\/portal\/?p=4877"},"modified":"2022-07-19T06:04:17","modified_gmt":"2022-07-19T11:04:17","slug":"intento-de-sublevacion-de-grupo-habria-generado-nuevo-amotinamiento-en-santo-domingo","status":"publish","type":"post","link":"https:\/\/www.elamazonico.com\/portal\/intento-de-sublevacion-de-grupo-habria-generado-nuevo-amotinamiento-en-santo-domingo\/","title":{"rendered":"Intento de sublevaci\u00f3n de grupo habr\u00eda generado nuevo amotinamiento en Santo Domingo"},"content":{"rendered":"\n<p>Luego del amotinamiento suscitado la tarde de este lunes 18 en la c\u00e1rcel de Santo Domingo, el ministro del Interior, Patricio Carrillo, explic\u00f3 que un grupo que estaba en formaci\u00f3n pretend\u00eda sublevarse de una banda.<\/p>\n\n\n\n<p>En este nuevo episodio de violencia, el ministro sostuvo que hasta el momento se contabilizan 13 asesinados y dos heridos.<\/p>\n\n\n\n<p>El funcionario dijo que una facci\u00f3n del grupo R7, que es una ap\u00e9ndice de los Chone Killer, hab\u00edan sido alertados de la supuesta formaci\u00f3n de otro grupo liderado por alias\u00a0<em>Goyo<\/em>, quien es una de las v\u00edctimas del reciente amotinamiento. \u201cQuienes intentaban sublevarse\u201d, mencion\u00f3.<\/p>\n\n\n\n<p>Todos los hechos sucedieron en un pabell\u00f3n de m\u00ednima seguridad, que se supone se encontraban privados de libertad de menor agresividad, acot\u00f3.<\/p>\n\n\n\n<p>El ministro explic\u00f3 que seg\u00fan los indicios levantados en los patios del reclusorio se puede establecer que el perfil psicol\u00f3gico de las personas que actuaron en este amotinamiento se asemeja al de la masacre del 9 de mayo pasado. En ese entonces, la c\u00e1rcel tuvo la peor masacre con m\u00e1s de 40 v\u00edctimas mortales, m\u00e1s de 10 heridos y unos 200 reos fugados.<\/p>\n\n\n\n<p>El ministro dijo que las investigaciones de la primera masacre \u201cpoco\u201d han logrado parar de manera disuasiva la repetici\u00f3n de nuevos hechos violentos, como el de este lunes 18.<\/p>\n\n\n\n<p>A su vez, dijo que el ente encargado del sistema carcelario (SNAI) ha identificado varias vulnerabilidades. \u201cInsisto, son problemas infraestructurales, entre esos la infraestructura del centro que presenta algunos riesgos que se est\u00e1n tratando de corregir con las inversiones necesarias que ya en las partidas presupuestarias que van incorporando&#8230;\u201d, explic\u00f3.<\/p>\n\n\n\n<p>El ministro dijo que las investigaciones de la primera masacre \u201cpoco\u201d han logrado parar de manera disuasiva la repetici\u00f3n de nuevos hechos violentos, como el de este lunes 18.<\/p>\n\n\n\n<p>\u201cLo que sucedi\u00f3 hoy demuestra que las medidas que en el centro se han adoptado no son las que nos gustar\u00eda que sean&#8230;de parte del Gobierno nacional lamentamos much\u00edsimo lo que est\u00e1 sucediendo, lamentamos que el perfil psicol\u00f3gico de las personas est\u00e9 cada vez mucho m\u00e1s afectado en los reclusorios para que cometan estos actos de irracionalidad\u201d, dijo al reconocer que a\u00fan existen vulnerabilidades en el reclusorio.<\/p>\n\n\n\n<p>A su vez, acot\u00f3 que el Gobierno ha implementado varias acciones para el sistema carcelario como una pol\u00edtica penitenciaria que permita el tratamiento m\u00e9dico y psicol\u00f3gico de los reos pueda conducir a cambios de conducta, la apertura de un proceso de reclutamiento de nuevos agentes penitenciarios y formaci\u00f3n de personas capacitadas en ciencias forenses.<\/p>\n\n\n\n<p>A su vez, el funcionario dijo desconocer sobre alguna actividad deportiva que estaba programada para esta ma\u00f1ana dentro del reclusorio y acot\u00f3 que a\u00fan no tienen los nombres exactos de los reos asesinados. \u00danicamente se conoce que uno de los reos fue identificado como alias\u00a0<em>Goyo<\/em>, quien figuraba como l\u00edder de una agrupaci\u00f3n delictiva en formaci\u00f3n.<\/p>\n\n\n\n<p>Varios reos que ser\u00edan considerados como cabecillas de grupos delictivos ser\u00e1n trasladados a un centro de mayor seguridad, espec\u00edficamente a la c\u00e1rcel la Roca, situada en Guayaquil, mencion\u00f3 Carrillo.<\/p>\n\n\n\n<p>Sobre las vulnerabilidades del centro, el ministro adujo varias acciones que se deber\u00edan tomar por parte de las autoridades, entre esas que los predios colindantes se consideren como una zona especial, limitar la cantidad de visitas y modificaciones en los mecanismos de protocolos.<\/p>\n\n\n\n<p>Por ahora, unidades investigativas policiales y Fiscal\u00eda contin\u00faan las diligencias en el centro carcelario para verificar la presencia de otras posibles v\u00edctimas.<\/p>\n\n\n\n<p>Mientras, familiares de los internos permanecen\u00a0en los exteriores del centro penitenciario\u00a0en espera de informaci\u00f3n de los fallecidos. Personal \u00e9lite policial, del SNAI y Ej\u00e9rcito resguardan la zona interna y externa del centro.\u00a0<strong>(I)<\/strong><\/p>\n\n\n\n<p>El Universo<\/p>\n","protected":false},"excerpt":{"rendered":"<p>Luego del amotinamiento suscitado la tarde de este lunes 18 en la c\u00e1rcel de Santo Domingo, el ministro del Interior, Patricio Carrillo, explic\u00f3 que un grupo que estaba en formaci\u00f3n pretend\u00eda sublevarse de una banda. En este nuevo episodio de violencia, el ministro sostuvo que hasta el momento se contabilizan 13 asesinados y dos heridos. El funcionario dijo que una facci\u00f3n del grupo R7, que es una ap\u00e9ndice de los Chone Killer, hab\u00edan sido alertados de la supuesta formaci\u00f3n de otro grupo liderado por alias\u00a0Goyo, quien es una de las v\u00edctimas del reciente amotinamiento. \u201cQuienes intentaban sublevarse\u201d, mencion\u00f3. Todos los hechos sucedieron en un pabell\u00f3n de m\u00ednima seguridad, que se supone se encontraban privados de libertad de menor agresividad, acot\u00f3. El ministro explic\u00f3 que seg\u00fan los indicios levantados en los patios del reclusorio se puede establecer que el perfil psicol\u00f3gico de las personas que actuaron en este amotinamiento se asemeja al de la masacre del 9 de mayo pasado. En ese entonces, la c\u00e1rcel tuvo la peor masacre con m\u00e1s de 40 v\u00edctimas mortales, m\u00e1s de 10 heridos y unos 200 reos fugados. El ministro dijo que las investigaciones de la primera masacre \u201cpoco\u201d han logrado parar de manera disuasiva la repetici\u00f3n de nuevos hechos violentos, como el de este lunes 18. A su vez, dijo que el ente encargado del sistema carcelario (SNAI) ha identificado varias vulnerabilidades. \u201cInsisto, son problemas infraestructurales, entre esos la infraestructura del centro que presenta algunos riesgos que se est\u00e1n tratando de corregir con las inversiones necesarias que ya en las partidas presupuestarias que van incorporando&#8230;\u201d, explic\u00f3. El ministro dijo que las investigaciones de la primera masacre \u201cpoco\u201d han logrado parar de manera disuasiva la repetici\u00f3n de nuevos hechos violentos, como el de este lunes 18. \u201cLo que sucedi\u00f3 hoy demuestra que las medidas que en el centro se han adoptado no son las que nos gustar\u00eda que sean&#8230;de parte del Gobierno nacional lamentamos much\u00edsimo lo que est\u00e1 sucediendo, lamentamos que el perfil psicol\u00f3gico de las personas est\u00e9 cada vez mucho m\u00e1s afectado en los reclusorios para que cometan estos actos de irracionalidad\u201d, dijo al reconocer que a\u00fan existen vulnerabilidades en el reclusorio. A su vez, acot\u00f3 que el Gobierno ha implementado varias acciones para el sistema carcelario como una pol\u00edtica penitenciaria que permita el tratamiento m\u00e9dico y psicol\u00f3gico de los reos pueda conducir a cambios de conducta, la apertura de un proceso de reclutamiento de nuevos agentes penitenciarios y formaci\u00f3n de personas capacitadas en ciencias forenses. A su vez, el funcionario dijo desconocer sobre alguna actividad deportiva que estaba programada para esta ma\u00f1ana dentro del reclusorio y acot\u00f3 que a\u00fan no tienen los nombres exactos de los reos asesinados. \u00danicamente se conoce que uno de los reos fue identificado como alias\u00a0Goyo, quien figuraba como l\u00edder de una agrupaci\u00f3n delictiva en formaci\u00f3n. Varios reos que ser\u00edan considerados como cabecillas de grupos delictivos ser\u00e1n trasladados a un centro de mayor seguridad, espec\u00edficamente a la c\u00e1rcel la Roca, situada en Guayaquil, mencion\u00f3 Carrillo. Sobre las vulnerabilidades del centro, el ministro adujo varias acciones que se deber\u00edan tomar por parte de las autoridades, entre esas que los predios colindantes se consideren como una zona especial, limitar la cantidad de visitas y modificaciones en los mecanismos de protocolos. Por ahora, unidades investigativas policiales y Fiscal\u00eda contin\u00faan las diligencias en el centro carcelario para verificar la presencia de otras posibles v\u00edctimas. Mientras, familiares de los internos permanecen\u00a0en los exteriores del centro penitenciario\u00a0en espera de informaci\u00f3n de los fallecidos. Personal \u00e9lite policial, del SNAI y Ej\u00e9rcito resguardan la zona interna y externa del centro.\u00a0(I) El Universo<\/p>\n","protected":false},"author":1,"featured_media":4878,"comment_status":"open","ping_status":"open","sticky":false,"template":"","format":"standard","meta":{"footnotes":""},"categories":[268],"tags":[],"class_list":["post-4877","post","type-post","status-publish","format-standard","has-post-thumbnail","hentry","category-nacionales"],"_links":{"self":[{"href":"https:\/\/www.elamazonico.com\/portal\/wp-json\/wp\/v2\/posts\/4877","targetHints":{"allow":["GET"]}}],"collection":[{"href":"https:\/\/www.elamazonico.com\/portal\/wp-json\/wp\/v2\/posts"}],"about":[{"href":"https:\/\/www.elamazonico.com\/portal\/wp-json\/wp\/v2\/types\/post"}],"author":[{"embeddable":true,"href":"https:\/\/www.elamazonico.com\/portal\/wp-json\/wp\/v2\/users\/1"}],"replies":[{"embeddable":true,"href":"https:\/\/www.elamazonico.com\/portal\/wp-json\/wp\/v2\/comments?post=4877"}],"version-history":[{"count":1,"href":"https:\/\/www.elamazonico.com\/portal\/wp-json\/wp\/v2\/posts\/4877\/revisions"}],"predecessor-version":[{"id":4879,"href":"https:\/\/www.elamazonico.com\/portal\/wp-json\/wp\/v2\/posts\/4877\/revisions\/4879"}],"wp:featuredmedia":[{"embeddable":true,"href":"https:\/\/www.elamazonico.com\/portal\/wp-json\/wp\/v2\/media\/4878"}],"wp:attachment":[{"href":"https:\/\/www.elamazonico.com\/portal\/wp-json\/wp\/v2\/media?parent=4877"}],"wp:term":[{"taxonomy":"category","embeddable":true,"href":"https:\/\/www.elamazonico.com\/portal\/wp-json\/wp\/v2\/categories?post=4877"},{"taxonomy":"post_tag","embeddable":true,"href":"https:\/\/www.elamazonico.com\/portal\/wp-json\/wp\/v2\/tags?post=4877"}],"curies":[{"name":"wp","href":"https:\/\/api.w.org\/{rel}","templated":true}]}}