{"id":4874,"date":"2022-07-19T06:01:24","date_gmt":"2022-07-19T11:01:24","guid":{"rendered":"https:\/\/www.elamazonico.com\/portal\/?p=4874"},"modified":"2022-07-19T06:01:38","modified_gmt":"2022-07-19T11:01:38","slug":"suscriben-el-acta-de-la-mesa-tematica-de-banca-publica-y-privada%ef%bf%bc","status":"publish","type":"post","link":"https:\/\/www.elamazonico.com\/portal\/suscriben-el-acta-de-la-mesa-tematica-de-banca-publica-y-privada%ef%bf%bc\/","title":{"rendered":"Suscriben el acta de la mesa tem\u00e1tica de Banca P\u00fablica y Privada\ufffc"},"content":{"rendered":"\n<p>La mesa de di\u00e1logo que ten\u00eda a cargo la tem\u00e1tica de Banca p\u00fablica y privada firm\u00f3 el acta con sus resoluciones como parte del proceso de di\u00e1logo entre el Gobierno central y las organizaciones sociales.<\/p>\n\n\n\n<p>Tras cuatro jornadas de trabajo, la mesa t\u00e9cnica suscribi\u00f3 el acta con la intervenci\u00f3n de la Junta Pol\u00edtica y Regulaci\u00f3n Financiera, BanEcuador, la Corporaci\u00f3n Nacional de Finanzas Populares y Solidarias y representantes del movimiento ind\u00edgena.<\/p>\n\n\n\n<p>El momento de la firma del acta suscrita fue compartido en redes sociales por parte del Ministerio de Gobierno y en el clip se puede escuchar las intervenciones de los participantes en las jornadas de trabajo.<\/p>\n\n\n\n<p>El di\u00e1logo entre el Gobierno Central y las organizaciones sociales es importante en la b\u00fasqueda de consensos sobre temas que son de importancia e inter\u00e9s de los 18 millones de ecuatorianos. (I)<\/p>\n\n\n\n<p>Ecuadorenvivo<\/p>\n\n\n\n<p><\/p>\n","protected":false},"excerpt":{"rendered":"<p>La mesa de di\u00e1logo que ten\u00eda a cargo la tem\u00e1tica de Banca p\u00fablica y privada firm\u00f3 el acta con sus resoluciones como parte del proceso de di\u00e1logo entre el Gobierno central y las organizaciones sociales. Tras cuatro jornadas de trabajo, la mesa t\u00e9cnica suscribi\u00f3 el acta con la intervenci\u00f3n de la Junta Pol\u00edtica y Regulaci\u00f3n Financiera, BanEcuador, la Corporaci\u00f3n Nacional de Finanzas Populares y Solidarias y representantes del movimiento ind\u00edgena. El momento de la firma del acta suscrita fue compartido en redes sociales por parte del Ministerio de Gobierno y en el clip se puede escuchar las intervenciones de los participantes en las jornadas de trabajo. El di\u00e1logo entre el Gobierno Central y las organizaciones sociales es importante en la b\u00fasqueda de consensos sobre temas que son de importancia e inter\u00e9s de los 18 millones de ecuatorianos. (I) Ecuadorenvivo<\/p>\n","protected":false},"author":1,"featured_media":4875,"comment_status":"open","ping_status":"open","sticky":false,"template":"","format":"standard","meta":{"footnotes":""},"categories":[268],"tags":[],"class_list":["post-4874","post","type-post","status-publish","format-standard","has-post-thumbnail","hentry","category-nacionales"],"_links":{"self":[{"href":"https:\/\/www.elamazonico.com\/portal\/wp-json\/wp\/v2\/posts\/4874","targetHints":{"allow":["GET"]}}],"collection":[{"href":"https:\/\/www.elamazonico.com\/portal\/wp-json\/wp\/v2\/posts"}],"about":[{"href":"https:\/\/www.elamazonico.com\/portal\/wp-json\/wp\/v2\/types\/post"}],"author":[{"embeddable":true,"href":"https:\/\/www.elamazonico.com\/portal\/wp-json\/wp\/v2\/users\/1"}],"replies":[{"embeddable":true,"href":"https:\/\/www.elamazonico.com\/portal\/wp-json\/wp\/v2\/comments?post=4874"}],"version-history":[{"count":1,"href":"https:\/\/www.elamazonico.com\/portal\/wp-json\/wp\/v2\/posts\/4874\/revisions"}],"predecessor-version":[{"id":4876,"href":"https:\/\/www.elamazonico.com\/portal\/wp-json\/wp\/v2\/posts\/4874\/revisions\/4876"}],"wp:featuredmedia":[{"embeddable":true,"href":"https:\/\/www.elamazonico.com\/portal\/wp-json\/wp\/v2\/media\/4875"}],"wp:attachment":[{"href":"https:\/\/www.elamazonico.com\/portal\/wp-json\/wp\/v2\/media?parent=4874"}],"wp:term":[{"taxonomy":"category","embeddable":true,"href":"https:\/\/www.elamazonico.com\/portal\/wp-json\/wp\/v2\/categories?post=4874"},{"taxonomy":"post_tag","embeddable":true,"href":"https:\/\/www.elamazonico.com\/portal\/wp-json\/wp\/v2\/tags?post=4874"}],"curies":[{"name":"wp","href":"https:\/\/api.w.org\/{rel}","templated":true}]}}