{"id":4871,"date":"2022-07-19T05:53:37","date_gmt":"2022-07-19T10:53:37","guid":{"rendered":"https:\/\/www.elamazonico.com\/portal\/?p=4871"},"modified":"2022-07-19T05:53:45","modified_gmt":"2022-07-19T10:53:45","slug":"msp-recomienda-uso-de-mascarilla-ante-incremento-de-casos-covid%ef%bf%bc","status":"publish","type":"post","link":"https:\/\/www.elamazonico.com\/portal\/msp-recomienda-uso-de-mascarilla-ante-incremento-de-casos-covid%ef%bf%bc\/","title":{"rendered":"MSP recomienda uso de mascarilla ante incremento de casos covid\ufffc"},"content":{"rendered":"\n<p>En las \u00faltimas seis semanas, el n\u00famero de casos de la COVID-19 aument\u00f3 en el pa\u00eds, principalmente, en Pichincha y Guayas. Los datos constan en el informe de la situaci\u00f3n epidemiol\u00f3gica con fecha del lunes 18 de julio de 2022.<\/p>\n\n\n\n<p>En la semana 28 hubo 11.881 diagn\u00f3sticos positivos (notificaciones incluidas tard\u00edas). Es decir, 8.362 m\u00e1s de lo reportado la semana 22, en la cual hubo 3.519.<\/p>\n\n\n\n<p>El incremento responde a la circulaci\u00f3n de la variante BA.5 de \u00d3micron.&nbsp;Sin embargo, no ha incidido significativamente en la ocupaci\u00f3n de camas.<\/p>\n\n\n\n<p>Por ejemplo, en los establecimientos del Ministerio de Salud P\u00fablica (MSP), la ocupaci\u00f3n en hospitalizaci\u00f3n es del 11% (52 de 481 camas); en cuidados intermedios es del 17% (2 de 12 espacios); y en la unidad de cuidados intensivos es del 13% (7 de 52 camas), con corte al jueves 14 de julio de 2022.<\/p>\n\n\n\n<p>Ante esta realidad, el Ministerio de Salud recomienda a la poblaci\u00f3n:<\/p>\n\n\n\n<ol class=\"wp-block-list\"><li>Uso de mascarilla en espacios cerrados, como el transporte p\u00fablico.<\/li><li>Vacunaci\u00f3n contra la COVID-19 en los puntos habilitados (<a href=\"https:\/\/bit.ly\/CentrosSaludVacunaCOVID19\">https:\/\/bit.ly\/CentrosSaludVacunaCOVID19<\/a>).<\/li><\/ol>\n\n\n\n<p>En el pa\u00eds, hasta el domingo 17 de julio de 2022, m\u00e1s de 14 millones de personas tienen el esquema completo de vacunaci\u00f3n. Corresponde al 83,76% del total de ciudadanos en edad de vacunarse (a partir de 3 a\u00f1os). Sin embargo, apenas 6,6 millones de pobladores cuentan con su primer refuerzo y menos de un mill\u00f3n (978.764) el segundo. Por ello, la cartera de Estado insiste en la importancia de acudir a los puntos habilitados para recibir las primeras y segundas dosis y los dos refuerzos. Las vacunas ayudar\u00e1n a evitar la enfermedad grave y la mortalidad.<\/p>\n","protected":false},"excerpt":{"rendered":"<p>En las \u00faltimas seis semanas, el n\u00famero de casos de la COVID-19 aument\u00f3 en el pa\u00eds, principalmente, en Pichincha y Guayas. Los datos constan en el informe de la situaci\u00f3n epidemiol\u00f3gica con fecha del lunes 18 de julio de 2022. En la semana 28 hubo 11.881 diagn\u00f3sticos positivos (notificaciones incluidas tard\u00edas). Es decir, 8.362 m\u00e1s de lo reportado la semana 22, en la cual hubo 3.519. El incremento responde a la circulaci\u00f3n de la variante BA.5 de \u00d3micron.&nbsp;Sin embargo, no ha incidido significativamente en la ocupaci\u00f3n de camas. Por ejemplo, en los establecimientos del Ministerio de Salud P\u00fablica (MSP), la ocupaci\u00f3n en hospitalizaci\u00f3n es del 11% (52 de 481 camas); en cuidados intermedios es del 17% (2 de 12 espacios); y en la unidad de cuidados intensivos es del 13% (7 de 52 camas), con corte al jueves 14 de julio de 2022. Ante esta realidad, el Ministerio de Salud recomienda a la poblaci\u00f3n: Uso de mascarilla en espacios cerrados, como el transporte p\u00fablico. Vacunaci\u00f3n contra la COVID-19 en los puntos habilitados (https:\/\/bit.ly\/CentrosSaludVacunaCOVID19). En el pa\u00eds, hasta el domingo 17 de julio de 2022, m\u00e1s de 14 millones de personas tienen el esquema completo de vacunaci\u00f3n. Corresponde al 83,76% del total de ciudadanos en edad de vacunarse (a partir de 3 a\u00f1os). Sin embargo, apenas 6,6 millones de pobladores cuentan con su primer refuerzo y menos de un mill\u00f3n (978.764) el segundo. Por ello, la cartera de Estado insiste en la importancia de acudir a los puntos habilitados para recibir las primeras y segundas dosis y los dos refuerzos. Las vacunas ayudar\u00e1n a evitar la enfermedad grave y la mortalidad.<\/p>\n","protected":false},"author":1,"featured_media":4872,"comment_status":"open","ping_status":"open","sticky":false,"template":"","format":"standard","meta":{"footnotes":""},"categories":[268],"tags":[],"class_list":["post-4871","post","type-post","status-publish","format-standard","has-post-thumbnail","hentry","category-nacionales"],"_links":{"self":[{"href":"https:\/\/www.elamazonico.com\/portal\/wp-json\/wp\/v2\/posts\/4871","targetHints":{"allow":["GET"]}}],"collection":[{"href":"https:\/\/www.elamazonico.com\/portal\/wp-json\/wp\/v2\/posts"}],"about":[{"href":"https:\/\/www.elamazonico.com\/portal\/wp-json\/wp\/v2\/types\/post"}],"author":[{"embeddable":true,"href":"https:\/\/www.elamazonico.com\/portal\/wp-json\/wp\/v2\/users\/1"}],"replies":[{"embeddable":true,"href":"https:\/\/www.elamazonico.com\/portal\/wp-json\/wp\/v2\/comments?post=4871"}],"version-history":[{"count":1,"href":"https:\/\/www.elamazonico.com\/portal\/wp-json\/wp\/v2\/posts\/4871\/revisions"}],"predecessor-version":[{"id":4873,"href":"https:\/\/www.elamazonico.com\/portal\/wp-json\/wp\/v2\/posts\/4871\/revisions\/4873"}],"wp:featuredmedia":[{"embeddable":true,"href":"https:\/\/www.elamazonico.com\/portal\/wp-json\/wp\/v2\/media\/4872"}],"wp:attachment":[{"href":"https:\/\/www.elamazonico.com\/portal\/wp-json\/wp\/v2\/media?parent=4871"}],"wp:term":[{"taxonomy":"category","embeddable":true,"href":"https:\/\/www.elamazonico.com\/portal\/wp-json\/wp\/v2\/categories?post=4871"},{"taxonomy":"post_tag","embeddable":true,"href":"https:\/\/www.elamazonico.com\/portal\/wp-json\/wp\/v2\/tags?post=4871"}],"curies":[{"name":"wp","href":"https:\/\/api.w.org\/{rel}","templated":true}]}}