{"id":4867,"date":"2022-07-18T10:31:50","date_gmt":"2022-07-18T15:31:50","guid":{"rendered":"https:\/\/www.elamazonico.com\/portal\/?p=4867"},"modified":"2022-07-18T10:31:58","modified_gmt":"2022-07-18T15:31:58","slug":"la-apologia-del-odio","status":"publish","type":"post","link":"https:\/\/www.elamazonico.com\/portal\/la-apologia-del-odio\/","title":{"rendered":"La apolog\u00eda del odio"},"content":{"rendered":"\n<p>Luego del paro nacional convocado por el Movimiento Ind\u00edgena, se generaron varios desmanes, que desembocaron en una serie de atentados contra la propiedad p\u00fablica y privada. Asimismo, se desat\u00f3 una represi\u00f3n policial y militar que cobr\u00f3 la vida de varias personas.&nbsp; El dolor causado por estos acontecimientos ha dejado una profunda herida social, que ser\u00e1 muy dif\u00edcil de sanar.<\/p>\n\n\n\n<p>El Ecuador, es un pa\u00eds diverso, que posee una riqueza incalculable. Desde hace varios a\u00f1os, nos han vendido la idea de que somos un Estado que carece de recursos para cubrir obligaciones fundamentales como la educaci\u00f3n y la salud. Las rencillas pol\u00edticas y las malas administraciones han hecho de estos acontecimientos una apolog\u00eda del odio, que \u00fanicamente se puede combatir con educaci\u00f3n.<\/p>\n\n\n\n<p>En este contexto, es f\u00e1cil acudir a los medios de sociales y revisar las publicaciones de quienes asumen ser los due\u00f1os de la opini\u00f3n p\u00fablica, para entender que el odio nos est\u00e1 aniquilando como sociedad. \u201cTerroristas, narcotraficantes, anarquistas\u201d, son varios de los ep\u00edtetos que utilizan los voceros de los grandes medios de comunicaci\u00f3n y tambi\u00e9n del Gobierno, para referirse a los l\u00edderes del Movimiento Ind\u00edgena\u201d. &nbsp;El argumento y la simple reflexi\u00f3n de la realidad nada se asemeja a lo que mencionan o vociferan, pues nunca entender\u00e1n que en el paro nacional se moviliz\u00f3 un pueblo que reclam\u00f3 sus justos derechos y aspiraciones.<\/p>\n\n\n\n<p>Es complejo poder definir la situaci\u00f3n pol\u00edtica del pa\u00eds o pretender revisar qu\u00e9 pasar\u00e1 en el futuro. Entiendo que el Gobierno, m\u00e1s all\u00e1 de sus errores y se\u00f1alamientos equivocados sobre el financiamiento de las movilizaciones, no tiene el poder para definir una propuesta econ\u00f3mica que solvente las necesidades de los sectores populares, ya que la ruta econ\u00f3mica del Ecuador la traza el Fondo Monetario Internacional (FMI). Este no es un invento m\u00edo, pues hace varios meses, el exministro de Finanzas, Sim\u00f3n Cueva, se\u00f1al\u00f3 que, al haber cumplido con las obligaciones correspondientes, este organismo multilateral ha permitido mayor inversi\u00f3n p\u00fablica.<\/p>\n\n\n\n<p>En este sentido, la profunda herida social y la apolog\u00eda del odio solo se puede curar con educaci\u00f3n, por ello es deber de la academia, de las organizaciones pol\u00edticas y de todo conglomerado social, establecer procesos educativos, para erradicar todos estos problemas. Nunca debemos olvidar, que la organizaci\u00f3n social es fundamental para exigir derechos, siempre respetando las diferentes corrientes del pensamiento.<\/p>\n\n\n\n<p>Eduardo Loaiza Lima<em> <\/em>\/ 1104218563 \/ Eduardo18081983@gmail.com<\/p>\n\n\n\n<p><\/p>\n\n\n\n<p><\/p>\n","protected":false},"excerpt":{"rendered":"<p>Luego del paro nacional convocado por el Movimiento Ind\u00edgena, se generaron varios desmanes, que desembocaron en una serie de atentados contra la propiedad p\u00fablica y privada. Asimismo, se desat\u00f3 una represi\u00f3n policial y militar que cobr\u00f3 la vida de varias personas.&nbsp; El dolor causado por estos acontecimientos ha dejado una profunda herida social, que ser\u00e1 muy dif\u00edcil de sanar. El Ecuador, es un pa\u00eds diverso, que posee una riqueza incalculable. Desde hace varios a\u00f1os, nos han vendido la idea de que somos un Estado que carece de recursos para cubrir obligaciones fundamentales como la educaci\u00f3n y la salud. Las rencillas pol\u00edticas y las malas administraciones han hecho de estos acontecimientos una apolog\u00eda del odio, que \u00fanicamente se puede combatir con educaci\u00f3n. En este contexto, es f\u00e1cil acudir a los medios de sociales y revisar las publicaciones de quienes asumen ser los due\u00f1os de la opini\u00f3n p\u00fablica, para entender que el odio nos est\u00e1 aniquilando como sociedad. \u201cTerroristas, narcotraficantes, anarquistas\u201d, son varios de los ep\u00edtetos que utilizan los voceros de los grandes medios de comunicaci\u00f3n y tambi\u00e9n del Gobierno, para referirse a los l\u00edderes del Movimiento Ind\u00edgena\u201d. &nbsp;El argumento y la simple reflexi\u00f3n de la realidad nada se asemeja a lo que mencionan o vociferan, pues nunca entender\u00e1n que en el paro nacional se moviliz\u00f3 un pueblo que reclam\u00f3 sus justos derechos y aspiraciones. Es complejo poder definir la situaci\u00f3n pol\u00edtica del pa\u00eds o pretender revisar qu\u00e9 pasar\u00e1 en el futuro. Entiendo que el Gobierno, m\u00e1s all\u00e1 de sus errores y se\u00f1alamientos equivocados sobre el financiamiento de las movilizaciones, no tiene el poder para definir una propuesta econ\u00f3mica que solvente las necesidades de los sectores populares, ya que la ruta econ\u00f3mica del Ecuador la traza el Fondo Monetario Internacional (FMI). Este no es un invento m\u00edo, pues hace varios meses, el exministro de Finanzas, Sim\u00f3n Cueva, se\u00f1al\u00f3 que, al haber cumplido con las obligaciones correspondientes, este organismo multilateral ha permitido mayor inversi\u00f3n p\u00fablica. En este sentido, la profunda herida social y la apolog\u00eda del odio solo se puede curar con educaci\u00f3n, por ello es deber de la academia, de las organizaciones pol\u00edticas y de todo conglomerado social, establecer procesos educativos, para erradicar todos estos problemas. Nunca debemos olvidar, que la organizaci\u00f3n social es fundamental para exigir derechos, siempre respetando las diferentes corrientes del pensamiento. Eduardo Loaiza Lima \/ 1104218563 \/ Eduardo18081983@gmail.com<\/p>\n","protected":false},"author":1,"featured_media":4868,"comment_status":"open","ping_status":"open","sticky":false,"template":"","format":"standard","meta":{"footnotes":""},"categories":[268],"tags":[],"class_list":["post-4867","post","type-post","status-publish","format-standard","has-post-thumbnail","hentry","category-nacionales"],"_links":{"self":[{"href":"https:\/\/www.elamazonico.com\/portal\/wp-json\/wp\/v2\/posts\/4867","targetHints":{"allow":["GET"]}}],"collection":[{"href":"https:\/\/www.elamazonico.com\/portal\/wp-json\/wp\/v2\/posts"}],"about":[{"href":"https:\/\/www.elamazonico.com\/portal\/wp-json\/wp\/v2\/types\/post"}],"author":[{"embeddable":true,"href":"https:\/\/www.elamazonico.com\/portal\/wp-json\/wp\/v2\/users\/1"}],"replies":[{"embeddable":true,"href":"https:\/\/www.elamazonico.com\/portal\/wp-json\/wp\/v2\/comments?post=4867"}],"version-history":[{"count":1,"href":"https:\/\/www.elamazonico.com\/portal\/wp-json\/wp\/v2\/posts\/4867\/revisions"}],"predecessor-version":[{"id":4869,"href":"https:\/\/www.elamazonico.com\/portal\/wp-json\/wp\/v2\/posts\/4867\/revisions\/4869"}],"wp:featuredmedia":[{"embeddable":true,"href":"https:\/\/www.elamazonico.com\/portal\/wp-json\/wp\/v2\/media\/4868"}],"wp:attachment":[{"href":"https:\/\/www.elamazonico.com\/portal\/wp-json\/wp\/v2\/media?parent=4867"}],"wp:term":[{"taxonomy":"category","embeddable":true,"href":"https:\/\/www.elamazonico.com\/portal\/wp-json\/wp\/v2\/categories?post=4867"},{"taxonomy":"post_tag","embeddable":true,"href":"https:\/\/www.elamazonico.com\/portal\/wp-json\/wp\/v2\/tags?post=4867"}],"curies":[{"name":"wp","href":"https:\/\/api.w.org\/{rel}","templated":true}]}}