{"id":4855,"date":"2022-07-18T06:10:02","date_gmt":"2022-07-18T11:10:02","guid":{"rendered":"https:\/\/www.elamazonico.com\/portal\/?p=4855"},"modified":"2022-07-18T06:10:09","modified_gmt":"2022-07-18T11:10:09","slug":"analisis-sobre-focalizacion-de-subsidios-a-combustibles-puede-extenderse","status":"publish","type":"post","link":"https:\/\/www.elamazonico.com\/portal\/analisis-sobre-focalizacion-de-subsidios-a-combustibles-puede-extenderse\/","title":{"rendered":"An\u00e1lisis sobre focalizaci\u00f3n de subsidios a combustibles puede extenderse"},"content":{"rendered":"\n<p>El Gobierno destaca avances y coincidencias con el movimiento ind\u00edgena en cuanto al trabajo en la mesa de focalizaci\u00f3n de subsidios a los combustibles, pero a\u00fan no hubo acuerdos tras tres d\u00edas de an\u00e1lisis.<\/p>\n\n\n\n<p>Henry Llanes, experto petrolero y asesor t\u00e9cnico de una de las organizaciones, estima que el resultado llegar\u00eda a finales de este mes. As\u00ed lo expres\u00f3 este s\u00e1bado, 16 de julio del 2022. El especialista en temas petroleros es asesor t\u00e9cnico en la mesa de focalizaci\u00f3n, por invitaci\u00f3n de la Confederaci\u00f3n de Nacionalidades Ind\u00edgenas del Ecuador (Conaie).<\/p>\n\n\n\n<p>El 15 de julio las organizaciones ind\u00edgenas presentaron al Gobierno su propuesta de una \u201cpol\u00edtica p\u00fablica de comercializaci\u00f3n de precios y de subsidios de los combustibles, en una autopista de tres carriles\u201d.<\/p>\n\n\n\n<p>Se trata de un documento con ocho puntos. \u201cSon los que se deben afinar para que entren al acuerdo\u201d, porque se trata de una propuesta integral, se\u00f1ala. En ella plantean que no haya una \u201cliberaci\u00f3n de los precios\u201d de los combustibles porque hay sectores econ\u00f3micos que tienen disponibilidad para pagar.<\/p>\n\n\n\n<p>Esto se debe definir en funci\u00f3n de los ingresos verificados en el Servicio de Rentas Internas (SRI), de la Agencia Nacional de Tr\u00e1nsito (ANT), entre otras instituciones. Por otro lado, el subsidio se debe aplicar en beneficio de la ruralidad, resume el asesor t\u00e9cnico.<\/p>\n\n\n\n<p>El ministro de Gobierno, Francisco Jim\u00e9nez, inform\u00f3 la tarde del viernes 15 de julio a la prensa que, tras la propuesta se coincidieron en cuatro criterios \u201cque parecen ser ya un primer consenso dentro de la mesa\u201d. Esta continuar\u00e1 su trabajo durante la pr\u00f3xima semana, pero a\u00fan no hay fecha determinada para el pr\u00f3ximo encuentro de las partes.<\/p>\n\n\n\n<p>Seg\u00fan la metodolog\u00eda inicial, el trabajo de las mesas tem\u00e1ticas se puede extender hasta cinco d\u00edas. Sin embargo, Llanes calcula que al Gobierno le tomar\u00e1 una semana para contar con la informaci\u00f3n de las instituciones pertinentes, que servir\u00e1 para delinear la focalizaci\u00f3n. Es decir, del 18 al 22 de julio. Luego, el 25 ser\u00eda el d\u00eda que se tomen las organizaciones para analizar la informaci\u00f3n que entregue el Gobierno. El 26 ser\u00eda una jornada de discusi\u00f3n de las partes en la mesa. El 27 los acuerdos podr\u00edan \u201cpasar a limpio\u201d y, finalmente, el 28 ser\u00eda la suscripci\u00f3n.<\/p>\n\n\n\n<p><strong>Cumplimiento de acuerdos<\/strong><\/p>\n\n\n\n<p>Llanes plantea la necesidad de que exista una subcomisi\u00f3n en cada mesa tem\u00e1tica, \u201cque haga seguimiento, evaluaci\u00f3n y rendici\u00f3n de cuentas de los compromisos que adquieran las mesas\u201d. Que estas deben actuar como apoyo a la mesa de coordinaci\u00f3n en la que est\u00e1 incluida la Conferencia Episcopal Ecuatoriana.<\/p>\n\n\n\n<p>El asesor t\u00e9cnico explica que, tras alcanzar acuerdos en cada mesa, se debe seguir un procedimiento. Los primeros en firmar ser\u00e1n las delegaciones t\u00e9cnicas de las partes. Luego \u201cel acuerdo final debe ser firmado por los representantes del bloque social y por el Presidente de la Rep\u00fablica\u201d, al igual que los anexos. \u201cSolo as\u00ed se puede sellar un acuerdo de paz, solo as\u00ed\u201d.<\/p>\n\n\n\n<p>No obstante, para el analista pol\u00edtico Rodrigo Jord\u00e1n las mesas de di\u00e1logo han avanzado lento y \u201ccomo gran logro se exhiben acuerdos simb\u00f3licos ya repetitivos en la historia del Ecuador\u201d. Por ello, recomienda al Gobierno que, paralelamente, implemente un plan emergente de intervenci\u00f3n en el agro y la ruralidad, para \u201catacar la ra\u00edz de la pobreza\u201d en esos sectores.<\/p>\n\n\n\n<p>Para Jord\u00e1n, las mesas de di\u00e1logo son coyunturales y las ve como una gu\u00eda que el Gobierno debe considerar para generar pol\u00edticas p\u00fablicas. Advierte que hay un riesgo de que las mesas fracasen y se d\u00e9 un nuevo estallido social.<\/p>\n\n\n\n<p>El Gobierno \u201cdebe emitir resoluciones r\u00e1pidas que puedan ejecutar este tipo de soluciones, aunque sea de manera parcial, porque no vamos a poder solucionar la problem\u00e1tica de los combustibles de todo el pa\u00eds en 15 d\u00edas\u201d, expresa al sugerir que tras concretar acuerdos se pongan fechas para un plan piloto. (I)<\/p>\n\n\n\n<p>El Comercio<\/p>\n","protected":false},"excerpt":{"rendered":"<p>El Gobierno destaca avances y coincidencias con el movimiento ind\u00edgena en cuanto al trabajo en la mesa de focalizaci\u00f3n de subsidios a los combustibles, pero a\u00fan no hubo acuerdos tras tres d\u00edas de an\u00e1lisis. Henry Llanes, experto petrolero y asesor t\u00e9cnico de una de las organizaciones, estima que el resultado llegar\u00eda a finales de este mes. As\u00ed lo expres\u00f3 este s\u00e1bado, 16 de julio del 2022. El especialista en temas petroleros es asesor t\u00e9cnico en la mesa de focalizaci\u00f3n, por invitaci\u00f3n de la Confederaci\u00f3n de Nacionalidades Ind\u00edgenas del Ecuador (Conaie). El 15 de julio las organizaciones ind\u00edgenas presentaron al Gobierno su propuesta de una \u201cpol\u00edtica p\u00fablica de comercializaci\u00f3n de precios y de subsidios de los combustibles, en una autopista de tres carriles\u201d. Se trata de un documento con ocho puntos. \u201cSon los que se deben afinar para que entren al acuerdo\u201d, porque se trata de una propuesta integral, se\u00f1ala. En ella plantean que no haya una \u201cliberaci\u00f3n de los precios\u201d de los combustibles porque hay sectores econ\u00f3micos que tienen disponibilidad para pagar. Esto se debe definir en funci\u00f3n de los ingresos verificados en el Servicio de Rentas Internas (SRI), de la Agencia Nacional de Tr\u00e1nsito (ANT), entre otras instituciones. Por otro lado, el subsidio se debe aplicar en beneficio de la ruralidad, resume el asesor t\u00e9cnico. El ministro de Gobierno, Francisco Jim\u00e9nez, inform\u00f3 la tarde del viernes 15 de julio a la prensa que, tras la propuesta se coincidieron en cuatro criterios \u201cque parecen ser ya un primer consenso dentro de la mesa\u201d. Esta continuar\u00e1 su trabajo durante la pr\u00f3xima semana, pero a\u00fan no hay fecha determinada para el pr\u00f3ximo encuentro de las partes. Seg\u00fan la metodolog\u00eda inicial, el trabajo de las mesas tem\u00e1ticas se puede extender hasta cinco d\u00edas. Sin embargo, Llanes calcula que al Gobierno le tomar\u00e1 una semana para contar con la informaci\u00f3n de las instituciones pertinentes, que servir\u00e1 para delinear la focalizaci\u00f3n. Es decir, del 18 al 22 de julio. Luego, el 25 ser\u00eda el d\u00eda que se tomen las organizaciones para analizar la informaci\u00f3n que entregue el Gobierno. El 26 ser\u00eda una jornada de discusi\u00f3n de las partes en la mesa. El 27 los acuerdos podr\u00edan \u201cpasar a limpio\u201d y, finalmente, el 28 ser\u00eda la suscripci\u00f3n. Cumplimiento de acuerdos Llanes plantea la necesidad de que exista una subcomisi\u00f3n en cada mesa tem\u00e1tica, \u201cque haga seguimiento, evaluaci\u00f3n y rendici\u00f3n de cuentas de los compromisos que adquieran las mesas\u201d. Que estas deben actuar como apoyo a la mesa de coordinaci\u00f3n en la que est\u00e1 incluida la Conferencia Episcopal Ecuatoriana. El asesor t\u00e9cnico explica que, tras alcanzar acuerdos en cada mesa, se debe seguir un procedimiento. Los primeros en firmar ser\u00e1n las delegaciones t\u00e9cnicas de las partes. Luego \u201cel acuerdo final debe ser firmado por los representantes del bloque social y por el Presidente de la Rep\u00fablica\u201d, al igual que los anexos. \u201cSolo as\u00ed se puede sellar un acuerdo de paz, solo as\u00ed\u201d. No obstante, para el analista pol\u00edtico Rodrigo Jord\u00e1n las mesas de di\u00e1logo han avanzado lento y \u201ccomo gran logro se exhiben acuerdos simb\u00f3licos ya repetitivos en la historia del Ecuador\u201d. Por ello, recomienda al Gobierno que, paralelamente, implemente un plan emergente de intervenci\u00f3n en el agro y la ruralidad, para \u201catacar la ra\u00edz de la pobreza\u201d en esos sectores. Para Jord\u00e1n, las mesas de di\u00e1logo son coyunturales y las ve como una gu\u00eda que el Gobierno debe considerar para generar pol\u00edticas p\u00fablicas. Advierte que hay un riesgo de que las mesas fracasen y se d\u00e9 un nuevo estallido social. El Gobierno \u201cdebe emitir resoluciones r\u00e1pidas que puedan ejecutar este tipo de soluciones, aunque sea de manera parcial, porque no vamos a poder solucionar la problem\u00e1tica de los combustibles de todo el pa\u00eds en 15 d\u00edas\u201d, expresa al sugerir que tras concretar acuerdos se pongan fechas para un plan piloto. (I) El Comercio<\/p>\n","protected":false},"author":1,"featured_media":4856,"comment_status":"open","ping_status":"open","sticky":false,"template":"","format":"standard","meta":{"footnotes":""},"categories":[268],"tags":[],"class_list":["post-4855","post","type-post","status-publish","format-standard","has-post-thumbnail","hentry","category-nacionales"],"_links":{"self":[{"href":"https:\/\/www.elamazonico.com\/portal\/wp-json\/wp\/v2\/posts\/4855","targetHints":{"allow":["GET"]}}],"collection":[{"href":"https:\/\/www.elamazonico.com\/portal\/wp-json\/wp\/v2\/posts"}],"about":[{"href":"https:\/\/www.elamazonico.com\/portal\/wp-json\/wp\/v2\/types\/post"}],"author":[{"embeddable":true,"href":"https:\/\/www.elamazonico.com\/portal\/wp-json\/wp\/v2\/users\/1"}],"replies":[{"embeddable":true,"href":"https:\/\/www.elamazonico.com\/portal\/wp-json\/wp\/v2\/comments?post=4855"}],"version-history":[{"count":1,"href":"https:\/\/www.elamazonico.com\/portal\/wp-json\/wp\/v2\/posts\/4855\/revisions"}],"predecessor-version":[{"id":4857,"href":"https:\/\/www.elamazonico.com\/portal\/wp-json\/wp\/v2\/posts\/4855\/revisions\/4857"}],"wp:featuredmedia":[{"embeddable":true,"href":"https:\/\/www.elamazonico.com\/portal\/wp-json\/wp\/v2\/media\/4856"}],"wp:attachment":[{"href":"https:\/\/www.elamazonico.com\/portal\/wp-json\/wp\/v2\/media?parent=4855"}],"wp:term":[{"taxonomy":"category","embeddable":true,"href":"https:\/\/www.elamazonico.com\/portal\/wp-json\/wp\/v2\/categories?post=4855"},{"taxonomy":"post_tag","embeddable":true,"href":"https:\/\/www.elamazonico.com\/portal\/wp-json\/wp\/v2\/tags?post=4855"}],"curies":[{"name":"wp","href":"https:\/\/api.w.org\/{rel}","templated":true}]}}