{"id":4849,"date":"2022-07-18T06:05:39","date_gmt":"2022-07-18T11:05:39","guid":{"rendered":"https:\/\/www.elamazonico.com\/portal\/?p=4849"},"modified":"2022-07-18T06:05:49","modified_gmt":"2022-07-18T11:05:49","slug":"aislamiento-por-covid-19-sera-de-5-dias%ef%bf%bc","status":"publish","type":"post","link":"https:\/\/www.elamazonico.com\/portal\/aislamiento-por-covid-19-sera-de-5-dias%ef%bf%bc\/","title":{"rendered":"Aislamiento por Covid-19 ser\u00e1 de 5 d\u00edas\ufffc"},"content":{"rendered":"\n<p>El Comit\u00e9 de Operaciones de Emergencia Nacional solicit\u00f3 al Ministerio de Salud que modifique los lineamientos del aislamiento de trabajadores, especialmente de funcionarios p\u00fablicos, que den positivo para covid-19; anteriormente se ten\u00edan 14 d\u00edas de permiso m\u00e9dico por el virus, y ahora ser\u00e1 \u00fanicamente de 5 d\u00edas m\u00e1s 4 d\u00edas con el uso de mascarilla, la medida entra en vigencia desde el lunes 18 de Julio<\/p>\n\n\n\n<p>Juan Zapata, presidente del COE nacional, se\u00f1al\u00f3 que estos cambios tienen la finalidad de agilitar la operatividad, especialmente en la polic\u00eda nacional y fuerzas armadas.<\/p>\n\n\n\n<p>Respecto a la situaci\u00f3n epidemiol\u00f3gica, el titular de salud se\u00f1alo que a partir de la semana 22 se registr\u00f3 un repunte de casos a nivel nacional, sin embargo, a pesar del incremento de contagios no se registran muertes a causa del virus,&nbsp;actualmente Ecuador registra un 38% de positividad, sin embargo, Los casos registrados \u00faltimamente no tienen sintomatolog\u00eda grave.<\/p>\n\n\n\n<p>el coe nacional se recomend\u00f3 a la ciudadan\u00eda que mantenga el uso de la mascarilla en espacios cerrados\u00a0y en espacios abiertos donde no se garantice el distanciamiento social.\u00a0 (I)<\/p>\n\n\n\n<p>El Tel\u00e9grafo<\/p>\n","protected":false},"excerpt":{"rendered":"<p>El Comit\u00e9 de Operaciones de Emergencia Nacional solicit\u00f3 al Ministerio de Salud que modifique los lineamientos del aislamiento de trabajadores, especialmente de funcionarios p\u00fablicos, que den positivo para covid-19; anteriormente se ten\u00edan 14 d\u00edas de permiso m\u00e9dico por el virus, y ahora ser\u00e1 \u00fanicamente de 5 d\u00edas m\u00e1s 4 d\u00edas con el uso de mascarilla, la medida entra en vigencia desde el lunes 18 de Julio Juan Zapata, presidente del COE nacional, se\u00f1al\u00f3 que estos cambios tienen la finalidad de agilitar la operatividad, especialmente en la polic\u00eda nacional y fuerzas armadas. Respecto a la situaci\u00f3n epidemiol\u00f3gica, el titular de salud se\u00f1alo que a partir de la semana 22 se registr\u00f3 un repunte de casos a nivel nacional, sin embargo, a pesar del incremento de contagios no se registran muertes a causa del virus,&nbsp;actualmente Ecuador registra un 38% de positividad, sin embargo, Los casos registrados \u00faltimamente no tienen sintomatolog\u00eda grave. el coe nacional se recomend\u00f3 a la ciudadan\u00eda que mantenga el uso de la mascarilla en espacios cerrados\u00a0y en espacios abiertos donde no se garantice el distanciamiento social.\u00a0 (I) El Tel\u00e9grafo<\/p>\n","protected":false},"author":1,"featured_media":4850,"comment_status":"open","ping_status":"open","sticky":false,"template":"","format":"standard","meta":{"footnotes":""},"categories":[268],"tags":[],"class_list":["post-4849","post","type-post","status-publish","format-standard","has-post-thumbnail","hentry","category-nacionales"],"_links":{"self":[{"href":"https:\/\/www.elamazonico.com\/portal\/wp-json\/wp\/v2\/posts\/4849","targetHints":{"allow":["GET"]}}],"collection":[{"href":"https:\/\/www.elamazonico.com\/portal\/wp-json\/wp\/v2\/posts"}],"about":[{"href":"https:\/\/www.elamazonico.com\/portal\/wp-json\/wp\/v2\/types\/post"}],"author":[{"embeddable":true,"href":"https:\/\/www.elamazonico.com\/portal\/wp-json\/wp\/v2\/users\/1"}],"replies":[{"embeddable":true,"href":"https:\/\/www.elamazonico.com\/portal\/wp-json\/wp\/v2\/comments?post=4849"}],"version-history":[{"count":1,"href":"https:\/\/www.elamazonico.com\/portal\/wp-json\/wp\/v2\/posts\/4849\/revisions"}],"predecessor-version":[{"id":4851,"href":"https:\/\/www.elamazonico.com\/portal\/wp-json\/wp\/v2\/posts\/4849\/revisions\/4851"}],"wp:featuredmedia":[{"embeddable":true,"href":"https:\/\/www.elamazonico.com\/portal\/wp-json\/wp\/v2\/media\/4850"}],"wp:attachment":[{"href":"https:\/\/www.elamazonico.com\/portal\/wp-json\/wp\/v2\/media?parent=4849"}],"wp:term":[{"taxonomy":"category","embeddable":true,"href":"https:\/\/www.elamazonico.com\/portal\/wp-json\/wp\/v2\/categories?post=4849"},{"taxonomy":"post_tag","embeddable":true,"href":"https:\/\/www.elamazonico.com\/portal\/wp-json\/wp\/v2\/tags?post=4849"}],"curies":[{"name":"wp","href":"https:\/\/api.w.org\/{rel}","templated":true}]}}