{"id":4827,"date":"2022-07-15T10:56:37","date_gmt":"2022-07-15T15:56:37","guid":{"rendered":"https:\/\/www.elamazonico.com\/portal\/?p=4827"},"modified":"2022-07-15T10:57:23","modified_gmt":"2022-07-15T15:57:23","slug":"un-fallecido-deja-el-sismo-de-magnitud-6-10-en-guayas","status":"publish","type":"post","link":"https:\/\/www.elamazonico.com\/portal\/un-fallecido-deja-el-sismo-de-magnitud-6-10-en-guayas\/","title":{"rendered":"Un fallecido deja el sismo de magnitud 6.10 en Guayas"},"content":{"rendered":"\n<p>El sismo de magnitud 6.1, registrado este jueves 14 de julio de 2022, de acuerdo al Informe de situaci\u00f3n Nro. 1 Sismo Guayas, se sinti\u00f3 en 151 cantones de las provincias de Azuay, Bol\u00edvar, Ca\u00f1ar, Carchi, Chimborazo, Cotopaxi, El Oro, Esmeraldas, Guayas, Imbabura, Manab\u00ed, Los R\u00edos, Loja, Morona Santiago, Pichincha, Santa Elena y Santo Domingo de Los Ts\u00e1chilas.<\/p>\n\n\n\n<p>Al momento, se reportan las siguientes afectaciones:<\/p>\n\n\n\n<p>-1 fallecido (por descarga el\u00e9ctrica ante ca\u00edda de cableado el\u00e9ctrico en Sim\u00f3n Bol\u00edvar).<\/p>\n\n\n\n<p>-3 viviendas afectadas (1 una en Samborond\u00f3n y 2 en Guayaquil). 3 bienes privados afectados.<\/p>\n\n\n\n<p>-1 bien p\u00fablico afectado (poste y cableado el\u00e9ctrico).<\/p>\n\n\n\n<p>-4 Establecimientos de Salud Afectado (1 en Guaranda y 3 en Guayaquil).<\/p>\n\n\n\n<p>El Servicio Nacional de Gesti\u00f3n de Riesgos y Emergencias (SNGRE) contin\u00faa con el monitoreo ante las novedades presentadas y brinda acompa\u00f1amientos a los COE.<\/p>\n","protected":false},"excerpt":{"rendered":"<p>El sismo de magnitud 6.1, registrado este jueves 14 de julio de 2022, de acuerdo al Informe de situaci\u00f3n Nro. 1 Sismo Guayas, se sinti\u00f3 en 151 cantones de las provincias de Azuay, Bol\u00edvar, Ca\u00f1ar, Carchi, Chimborazo, Cotopaxi, El Oro, Esmeraldas, Guayas, Imbabura, Manab\u00ed, Los R\u00edos, Loja, Morona Santiago, Pichincha, Santa Elena y Santo Domingo de Los Ts\u00e1chilas. Al momento, se reportan las siguientes afectaciones: -1 fallecido (por descarga el\u00e9ctrica ante ca\u00edda de cableado el\u00e9ctrico en Sim\u00f3n Bol\u00edvar). -3 viviendas afectadas (1 una en Samborond\u00f3n y 2 en Guayaquil). 3 bienes privados afectados. -1 bien p\u00fablico afectado (poste y cableado el\u00e9ctrico). -4 Establecimientos de Salud Afectado (1 en Guaranda y 3 en Guayaquil). El Servicio Nacional de Gesti\u00f3n de Riesgos y Emergencias (SNGRE) contin\u00faa con el monitoreo ante las novedades presentadas y brinda acompa\u00f1amientos a los COE.<\/p>\n","protected":false},"author":1,"featured_media":4828,"comment_status":"open","ping_status":"open","sticky":false,"template":"","format":"standard","meta":{"footnotes":""},"categories":[268],"tags":[],"class_list":["post-4827","post","type-post","status-publish","format-standard","has-post-thumbnail","hentry","category-nacionales"],"_links":{"self":[{"href":"https:\/\/www.elamazonico.com\/portal\/wp-json\/wp\/v2\/posts\/4827","targetHints":{"allow":["GET"]}}],"collection":[{"href":"https:\/\/www.elamazonico.com\/portal\/wp-json\/wp\/v2\/posts"}],"about":[{"href":"https:\/\/www.elamazonico.com\/portal\/wp-json\/wp\/v2\/types\/post"}],"author":[{"embeddable":true,"href":"https:\/\/www.elamazonico.com\/portal\/wp-json\/wp\/v2\/users\/1"}],"replies":[{"embeddable":true,"href":"https:\/\/www.elamazonico.com\/portal\/wp-json\/wp\/v2\/comments?post=4827"}],"version-history":[{"count":1,"href":"https:\/\/www.elamazonico.com\/portal\/wp-json\/wp\/v2\/posts\/4827\/revisions"}],"predecessor-version":[{"id":4829,"href":"https:\/\/www.elamazonico.com\/portal\/wp-json\/wp\/v2\/posts\/4827\/revisions\/4829"}],"wp:featuredmedia":[{"embeddable":true,"href":"https:\/\/www.elamazonico.com\/portal\/wp-json\/wp\/v2\/media\/4828"}],"wp:attachment":[{"href":"https:\/\/www.elamazonico.com\/portal\/wp-json\/wp\/v2\/media?parent=4827"}],"wp:term":[{"taxonomy":"category","embeddable":true,"href":"https:\/\/www.elamazonico.com\/portal\/wp-json\/wp\/v2\/categories?post=4827"},{"taxonomy":"post_tag","embeddable":true,"href":"https:\/\/www.elamazonico.com\/portal\/wp-json\/wp\/v2\/tags?post=4827"}],"curies":[{"name":"wp","href":"https:\/\/api.w.org\/{rel}","templated":true}]}}