{"id":4824,"date":"2022-07-15T10:47:03","date_gmt":"2022-07-15T15:47:03","guid":{"rendered":"https:\/\/www.elamazonico.com\/portal\/?p=4824"},"modified":"2022-07-15T10:47:09","modified_gmt":"2022-07-15T15:47:09","slug":"guillermo-lasso-suscribio-un-nuevo-reglamento-de-la-ley-de-educacion-superior%ef%bf%bc","status":"publish","type":"post","link":"https:\/\/www.elamazonico.com\/portal\/guillermo-lasso-suscribio-un-nuevo-reglamento-de-la-ley-de-educacion-superior%ef%bf%bc\/","title":{"rendered":"Guillermo Lasso suscribi\u00f3 un nuevo reglamento de la Ley de Educaci\u00f3n Superior\ufffc"},"content":{"rendered":"\n<p>La noche del 14 de julio de 2022, Guillermo Lasso, presidente de la Rep\u00fablica suscribi\u00f3 el nuevo reglamento a la Ley Org\u00e1nica de Educaci\u00f3n Superior (LOES).<\/p>\n\n\n\n<p>En su intervenci\u00f3n, Guillermo Lasso resalt\u00f3 uno de los puntos m\u00e1s importantes del nuevo reglamento de la LOES y que tiene que ver con el examen de la Senescyt que los aspirantes a universidades deb\u00edan rendir para obtener un cupo.<\/p>\n\n\n\n<p>\u201cSe acab\u00f3 el examen de la Senescyt. Para el r\u00e9gimen de la Costa se acab\u00f3 desde hoy (\u2026) y para el r\u00e9gimen de la Sierra, obviamente no podemos evitar lo que est\u00e1 sucediendo ahora, pero a partir del pr\u00f3ximo a\u00f1o no hay examen en r\u00e9gimen Sierra y r\u00e9gimen Costa\u201d, dijo el Presidente.<\/p>\n\n\n\n<p>Guillermo Lasso detall\u00f3 que cada universidad debe implementar la forma de admisiones y que cada estudiante pueda elegir qu\u00e9 carrera seguir y a\u00f1adi\u00f3 la importancia de este punto como el cumplimiento de un ofrecimiento de campa\u00f1a.<\/p>\n","protected":false},"excerpt":{"rendered":"<p>La noche del 14 de julio de 2022, Guillermo Lasso, presidente de la Rep\u00fablica suscribi\u00f3 el nuevo reglamento a la Ley Org\u00e1nica de Educaci\u00f3n Superior (LOES). En su intervenci\u00f3n, Guillermo Lasso resalt\u00f3 uno de los puntos m\u00e1s importantes del nuevo reglamento de la LOES y que tiene que ver con el examen de la Senescyt que los aspirantes a universidades deb\u00edan rendir para obtener un cupo. \u201cSe acab\u00f3 el examen de la Senescyt. Para el r\u00e9gimen de la Costa se acab\u00f3 desde hoy (\u2026) y para el r\u00e9gimen de la Sierra, obviamente no podemos evitar lo que est\u00e1 sucediendo ahora, pero a partir del pr\u00f3ximo a\u00f1o no hay examen en r\u00e9gimen Sierra y r\u00e9gimen Costa\u201d, dijo el Presidente. Guillermo Lasso detall\u00f3 que cada universidad debe implementar la forma de admisiones y que cada estudiante pueda elegir qu\u00e9 carrera seguir y a\u00f1adi\u00f3 la importancia de este punto como el cumplimiento de un ofrecimiento de campa\u00f1a.<\/p>\n","protected":false},"author":1,"featured_media":4825,"comment_status":"open","ping_status":"open","sticky":false,"template":"","format":"standard","meta":{"footnotes":""},"categories":[268],"tags":[],"class_list":["post-4824","post","type-post","status-publish","format-standard","has-post-thumbnail","hentry","category-nacionales"],"_links":{"self":[{"href":"https:\/\/www.elamazonico.com\/portal\/wp-json\/wp\/v2\/posts\/4824","targetHints":{"allow":["GET"]}}],"collection":[{"href":"https:\/\/www.elamazonico.com\/portal\/wp-json\/wp\/v2\/posts"}],"about":[{"href":"https:\/\/www.elamazonico.com\/portal\/wp-json\/wp\/v2\/types\/post"}],"author":[{"embeddable":true,"href":"https:\/\/www.elamazonico.com\/portal\/wp-json\/wp\/v2\/users\/1"}],"replies":[{"embeddable":true,"href":"https:\/\/www.elamazonico.com\/portal\/wp-json\/wp\/v2\/comments?post=4824"}],"version-history":[{"count":1,"href":"https:\/\/www.elamazonico.com\/portal\/wp-json\/wp\/v2\/posts\/4824\/revisions"}],"predecessor-version":[{"id":4826,"href":"https:\/\/www.elamazonico.com\/portal\/wp-json\/wp\/v2\/posts\/4824\/revisions\/4826"}],"wp:featuredmedia":[{"embeddable":true,"href":"https:\/\/www.elamazonico.com\/portal\/wp-json\/wp\/v2\/media\/4825"}],"wp:attachment":[{"href":"https:\/\/www.elamazonico.com\/portal\/wp-json\/wp\/v2\/media?parent=4824"}],"wp:term":[{"taxonomy":"category","embeddable":true,"href":"https:\/\/www.elamazonico.com\/portal\/wp-json\/wp\/v2\/categories?post=4824"},{"taxonomy":"post_tag","embeddable":true,"href":"https:\/\/www.elamazonico.com\/portal\/wp-json\/wp\/v2\/tags?post=4824"}],"curies":[{"name":"wp","href":"https:\/\/api.w.org\/{rel}","templated":true}]}}