{"id":4821,"date":"2022-07-15T10:42:58","date_gmt":"2022-07-15T15:42:58","guid":{"rendered":"https:\/\/www.elamazonico.com\/portal\/?p=4821"},"modified":"2022-07-15T10:43:02","modified_gmt":"2022-07-15T15:43:02","slug":"la-desnutricion-cronica-infantil-es-un-problema-multicausal","status":"publish","type":"post","link":"https:\/\/www.elamazonico.com\/portal\/la-desnutricion-cronica-infantil-es-un-problema-multicausal\/","title":{"rendered":"&#8216;La desnutrici\u00f3n cr\u00f3nica infantil es un problema multicausal&#8217;"},"content":{"rendered":"\n<p>Debido a que la&nbsp;desnutrici\u00f3n cr\u00f3nica infantil es un problema multicausal, tiene que&nbsp;ser afrontado en distintos aspectos y es as\u00ed como los 330 millones de d\u00f3lares asignados se encuentran divididos en varios ministerios.<\/p>\n\n\n\n<p>As\u00ed lo inform\u00f3 este viernes el secretario T\u00e9cnico de &#8216;Ecuador Cree Sin Desnutrici\u00f3n Infantil&#8217;, al se\u00f1alar que\u00a0el mayor proyecto emblem\u00e1tico del Gobierno es el denominado \u201cInfancia con Futuro\u201d, que tiene como prop\u00f3sito buscar a mujeres embarazadas y ni\u00f1os para garantizar que reciban las atenciones necesarias en salud y protecci\u00f3n social.<\/p>\n\n\n\n<p>Record\u00f3&nbsp;que esta problem\u00e1tica social ha venido atacando al Ecuador por d\u00e9cadas y los gobiernos anteriores no han podido resolverla, por el contrario ha aumentado la desnutrici\u00f3n cr\u00f3nica, ning\u00fan presidente del pasado ha hablado del tema y es por eso que ahora han decidido darle la atenci\u00f3n que amerita, incrementando&nbsp;la cantidad de atenciones hacia madres gestantes, ni\u00f1os y ni\u00f1as. \u00abHemos iniciado, pero nos falta m\u00e1s, porque&nbsp;recibidos&nbsp;un pa\u00eds en donde no hab\u00eda nada de atenci\u00f3n en algunos sectores\u00bb.<\/p>\n\n\n\n<p>Ronquillo explic\u00f3 que\u00a0los controles prenatales se basar\u00e1n en dar vitaminas, hierro y \u00e1cido f\u00f3lico a las madres gestantes; mientras que a los ni\u00f1os se les controlar\u00e1 el peso y talla en los diferentes establecimientos de salud del pa\u00eds. El\u00a0prop\u00f3sito es aumentar el n\u00famero de beneficiarios y la frecuencia de atenciones con un mejor enfoque, enfatiz\u00f3. (PMB) (I)<\/p>\n","protected":false},"excerpt":{"rendered":"<p>Debido a que la&nbsp;desnutrici\u00f3n cr\u00f3nica infantil es un problema multicausal, tiene que&nbsp;ser afrontado en distintos aspectos y es as\u00ed como los 330 millones de d\u00f3lares asignados se encuentran divididos en varios ministerios. As\u00ed lo inform\u00f3 este viernes el secretario T\u00e9cnico de &#8216;Ecuador Cree Sin Desnutrici\u00f3n Infantil&#8217;, al se\u00f1alar que\u00a0el mayor proyecto emblem\u00e1tico del Gobierno es el denominado \u201cInfancia con Futuro\u201d, que tiene como prop\u00f3sito buscar a mujeres embarazadas y ni\u00f1os para garantizar que reciban las atenciones necesarias en salud y protecci\u00f3n social. Record\u00f3&nbsp;que esta problem\u00e1tica social ha venido atacando al Ecuador por d\u00e9cadas y los gobiernos anteriores no han podido resolverla, por el contrario ha aumentado la desnutrici\u00f3n cr\u00f3nica, ning\u00fan presidente del pasado ha hablado del tema y es por eso que ahora han decidido darle la atenci\u00f3n que amerita, incrementando&nbsp;la cantidad de atenciones hacia madres gestantes, ni\u00f1os y ni\u00f1as. \u00abHemos iniciado, pero nos falta m\u00e1s, porque&nbsp;recibidos&nbsp;un pa\u00eds en donde no hab\u00eda nada de atenci\u00f3n en algunos sectores\u00bb. Ronquillo explic\u00f3 que\u00a0los controles prenatales se basar\u00e1n en dar vitaminas, hierro y \u00e1cido f\u00f3lico a las madres gestantes; mientras que a los ni\u00f1os se les controlar\u00e1 el peso y talla en los diferentes establecimientos de salud del pa\u00eds. El\u00a0prop\u00f3sito es aumentar el n\u00famero de beneficiarios y la frecuencia de atenciones con un mejor enfoque, enfatiz\u00f3. (PMB) (I)<\/p>\n","protected":false},"author":1,"featured_media":4822,"comment_status":"open","ping_status":"open","sticky":false,"template":"","format":"standard","meta":{"footnotes":""},"categories":[268],"tags":[],"class_list":["post-4821","post","type-post","status-publish","format-standard","has-post-thumbnail","hentry","category-nacionales"],"_links":{"self":[{"href":"https:\/\/www.elamazonico.com\/portal\/wp-json\/wp\/v2\/posts\/4821","targetHints":{"allow":["GET"]}}],"collection":[{"href":"https:\/\/www.elamazonico.com\/portal\/wp-json\/wp\/v2\/posts"}],"about":[{"href":"https:\/\/www.elamazonico.com\/portal\/wp-json\/wp\/v2\/types\/post"}],"author":[{"embeddable":true,"href":"https:\/\/www.elamazonico.com\/portal\/wp-json\/wp\/v2\/users\/1"}],"replies":[{"embeddable":true,"href":"https:\/\/www.elamazonico.com\/portal\/wp-json\/wp\/v2\/comments?post=4821"}],"version-history":[{"count":1,"href":"https:\/\/www.elamazonico.com\/portal\/wp-json\/wp\/v2\/posts\/4821\/revisions"}],"predecessor-version":[{"id":4823,"href":"https:\/\/www.elamazonico.com\/portal\/wp-json\/wp\/v2\/posts\/4821\/revisions\/4823"}],"wp:featuredmedia":[{"embeddable":true,"href":"https:\/\/www.elamazonico.com\/portal\/wp-json\/wp\/v2\/media\/4822"}],"wp:attachment":[{"href":"https:\/\/www.elamazonico.com\/portal\/wp-json\/wp\/v2\/media?parent=4821"}],"wp:term":[{"taxonomy":"category","embeddable":true,"href":"https:\/\/www.elamazonico.com\/portal\/wp-json\/wp\/v2\/categories?post=4821"},{"taxonomy":"post_tag","embeddable":true,"href":"https:\/\/www.elamazonico.com\/portal\/wp-json\/wp\/v2\/tags?post=4821"}],"curies":[{"name":"wp","href":"https:\/\/api.w.org\/{rel}","templated":true}]}}