{"id":4807,"date":"2022-07-14T06:02:12","date_gmt":"2022-07-14T11:02:12","guid":{"rendered":"https:\/\/www.elamazonico.com\/portal\/?p=4807"},"modified":"2022-07-14T06:02:19","modified_gmt":"2022-07-14T11:02:19","slug":"iza-acusaciones-ponen-en-riesgo-los-dialogos","status":"publish","type":"post","link":"https:\/\/www.elamazonico.com\/portal\/iza-acusaciones-ponen-en-riesgo-los-dialogos\/","title":{"rendered":"Iza: acusaciones ponen en riesgo los di\u00e1logos"},"content":{"rendered":"\n<p>El presidente de la CONAIE, Leonidas Iza, rechaz\u00f3 las declaraciones del presidente Guillermo Lasso sobre la supuesta vinculaci\u00f3n del Paro Nacional con el narcotr\u00e1fico.<\/p>\n\n\n\n<p>\u00abEspero que el Gobierno devuelva las ollas que se llevaron de San Miguel del Com\u00fan\u00bb, dice Gary Espinoza, presidente de la FENOCIN, al rechazar el supuesto financiamiento il\u00edcito, para el #ParoNacional. \u00abQuienes sostuvieron el paro fue la ciudadan\u00eda\u00bb, dice.<\/p>\n\n\n\n<p>Desde este mi\u00e9rcoles 13 de julio corren los 90 d\u00edas para que el Gobierno y el movimiento ind\u00edgena logren los acuerdos en los 10 puntos planteados durante los 18 d\u00edas de movilizaciones.<\/p>\n\n\n\n<p>En la sede de la Conferencia Episcopal Ecuatoriana se instalaron las dos primeras mesas: la de Focalizaci\u00f3n y la de moratoria de la banca. La Confederaci\u00f3n de Nacionalidades Ind\u00edgenas de Ecuador (CONAIE), la Confederaci\u00f3n Nacional de Organizaciones Campesinas, Ind\u00edgenas y Negras (FENOCIN) y el Consejo de Pueblos y Organizaciones Ind\u00edgenas Evang\u00e9licas del Ecuador (FEINE) presentar\u00e1 sus peticiones y el Gobierno su propuesta. (I)<\/p>\n","protected":false},"excerpt":{"rendered":"<p>El presidente de la CONAIE, Leonidas Iza, rechaz\u00f3 las declaraciones del presidente Guillermo Lasso sobre la supuesta vinculaci\u00f3n del Paro Nacional con el narcotr\u00e1fico. \u00abEspero que el Gobierno devuelva las ollas que se llevaron de San Miguel del Com\u00fan\u00bb, dice Gary Espinoza, presidente de la FENOCIN, al rechazar el supuesto financiamiento il\u00edcito, para el #ParoNacional. \u00abQuienes sostuvieron el paro fue la ciudadan\u00eda\u00bb, dice. Desde este mi\u00e9rcoles 13 de julio corren los 90 d\u00edas para que el Gobierno y el movimiento ind\u00edgena logren los acuerdos en los 10 puntos planteados durante los 18 d\u00edas de movilizaciones. En la sede de la Conferencia Episcopal Ecuatoriana se instalaron las dos primeras mesas: la de Focalizaci\u00f3n y la de moratoria de la banca. La Confederaci\u00f3n de Nacionalidades Ind\u00edgenas de Ecuador (CONAIE), la Confederaci\u00f3n Nacional de Organizaciones Campesinas, Ind\u00edgenas y Negras (FENOCIN) y el Consejo de Pueblos y Organizaciones Ind\u00edgenas Evang\u00e9licas del Ecuador (FEINE) presentar\u00e1 sus peticiones y el Gobierno su propuesta. (I)<\/p>\n","protected":false},"author":1,"featured_media":4808,"comment_status":"open","ping_status":"open","sticky":false,"template":"","format":"standard","meta":{"footnotes":""},"categories":[268],"tags":[],"class_list":["post-4807","post","type-post","status-publish","format-standard","has-post-thumbnail","hentry","category-nacionales"],"_links":{"self":[{"href":"https:\/\/www.elamazonico.com\/portal\/wp-json\/wp\/v2\/posts\/4807","targetHints":{"allow":["GET"]}}],"collection":[{"href":"https:\/\/www.elamazonico.com\/portal\/wp-json\/wp\/v2\/posts"}],"about":[{"href":"https:\/\/www.elamazonico.com\/portal\/wp-json\/wp\/v2\/types\/post"}],"author":[{"embeddable":true,"href":"https:\/\/www.elamazonico.com\/portal\/wp-json\/wp\/v2\/users\/1"}],"replies":[{"embeddable":true,"href":"https:\/\/www.elamazonico.com\/portal\/wp-json\/wp\/v2\/comments?post=4807"}],"version-history":[{"count":1,"href":"https:\/\/www.elamazonico.com\/portal\/wp-json\/wp\/v2\/posts\/4807\/revisions"}],"predecessor-version":[{"id":4809,"href":"https:\/\/www.elamazonico.com\/portal\/wp-json\/wp\/v2\/posts\/4807\/revisions\/4809"}],"wp:featuredmedia":[{"embeddable":true,"href":"https:\/\/www.elamazonico.com\/portal\/wp-json\/wp\/v2\/media\/4808"}],"wp:attachment":[{"href":"https:\/\/www.elamazonico.com\/portal\/wp-json\/wp\/v2\/media?parent=4807"}],"wp:term":[{"taxonomy":"category","embeddable":true,"href":"https:\/\/www.elamazonico.com\/portal\/wp-json\/wp\/v2\/categories?post=4807"},{"taxonomy":"post_tag","embeddable":true,"href":"https:\/\/www.elamazonico.com\/portal\/wp-json\/wp\/v2\/tags?post=4807"}],"curies":[{"name":"wp","href":"https:\/\/api.w.org\/{rel}","templated":true}]}}