{"id":4804,"date":"2022-07-14T05:59:40","date_gmt":"2022-07-14T10:59:40","guid":{"rendered":"https:\/\/www.elamazonico.com\/portal\/?p=4804"},"modified":"2022-07-14T06:00:00","modified_gmt":"2022-07-14T11:00:00","slug":"ecuador-y-corea-del-sur-reanudan-conversaciones-por-un-acuerdo-comercial%ef%bf%bc","status":"publish","type":"post","link":"https:\/\/www.elamazonico.com\/portal\/ecuador-y-corea-del-sur-reanudan-conversaciones-por-un-acuerdo-comercial%ef%bf%bc\/","title":{"rendered":"Ecuador y Corea del Sur reanudan conversaciones por un Acuerdo Comercial\ufffc"},"content":{"rendered":"\n<p>Desde el 11 al 21 de julio, una delegaci\u00f3n de representantes del Gobierno Nacional se encuentra en Se\u00fal, para establecer negociaciones por un Acuerdo Estrat\u00e9gico de Cooperaci\u00f3n Econ\u00f3mica con Corea del Sur. El convenio tiene por objetivo abrir un mercado para los productos ecuatorianos con menores impuestos y aranceles en el pa\u00eds asi\u00e1tico.&nbsp;<\/p>\n\n\n\n<p>El&nbsp;Ministerio de Producci\u00f3n Comercio Exterior Inversiones y Pesca inform\u00f3 que la ronda de negociaciones arranc\u00f3 en 2015, pero se mantuvieron inactivas hasta el 2022, cuando se retomaron por pedido del presidente Guillermo Lasso.&nbsp;<\/p>\n\n\n\n<p>El acuerdo bilateral incluye 16 tem\u00e1ticas entre las que destacan acceso a mercados, obst\u00e1culos t\u00e9cnicos al comercio, medidas sanitarias, defensa comercial, comercio transfronterizo de servicios, disposiciones institucionales, soluci\u00f3n de diferencias e inversiones.<\/p>\n\n\n\n<p>\u00abTambi\u00e9n se incluyen materias como asuntos laborales y de medioambiente, competencia, telecomunicaciones, propiedad intelectual, cooperaci\u00f3n, comercio electr\u00f3nico y comercio de servicios\u00bb, resalt\u00f3 el Ministerio de la Producci\u00f3n.&nbsp;<\/p>\n\n\n\n<p>La entidad se\u00f1al\u00f3 que Corea del Sur es el destino 18 de las exportaciones ecuatorianas en material no petrolero, con&nbsp;un valor de USD 124,7 millones en 2021. En exportaciones agr\u00edcolas y pesqueras, el pa\u00eds asi\u00e1tico ocupa el puesto 20 con&nbsp;USD 96,5 millones.&nbsp;<\/p>\n\n\n\n<p>Entre los productos m\u00e1s destacados de exportaci\u00f3n a Corea del Sur se encuentran\u00a0camarones, desperdicios de metales, banano, pescado, cacao, otros qu\u00edmicos y farmac\u00e9uticos. Por su parte, Ecuador import\u00f3 de aquella naci\u00f3n bienes como autom\u00f3viles livianos, pol\u00edmeros, otras manufacturas de metales, vacunas, productos inmunol\u00f3gicos y plasma, parachoques, entre otros.\u00a0 (I)<\/p>\n\n\n\n<p>El Tel\u00e9grafo<\/p>\n","protected":false},"excerpt":{"rendered":"<p>Desde el 11 al 21 de julio, una delegaci\u00f3n de representantes del Gobierno Nacional se encuentra en Se\u00fal, para establecer negociaciones por un Acuerdo Estrat\u00e9gico de Cooperaci\u00f3n Econ\u00f3mica con Corea del Sur. El convenio tiene por objetivo abrir un mercado para los productos ecuatorianos con menores impuestos y aranceles en el pa\u00eds asi\u00e1tico.&nbsp; El&nbsp;Ministerio de Producci\u00f3n Comercio Exterior Inversiones y Pesca inform\u00f3 que la ronda de negociaciones arranc\u00f3 en 2015, pero se mantuvieron inactivas hasta el 2022, cuando se retomaron por pedido del presidente Guillermo Lasso.&nbsp; El acuerdo bilateral incluye 16 tem\u00e1ticas entre las que destacan acceso a mercados, obst\u00e1culos t\u00e9cnicos al comercio, medidas sanitarias, defensa comercial, comercio transfronterizo de servicios, disposiciones institucionales, soluci\u00f3n de diferencias e inversiones. \u00abTambi\u00e9n se incluyen materias como asuntos laborales y de medioambiente, competencia, telecomunicaciones, propiedad intelectual, cooperaci\u00f3n, comercio electr\u00f3nico y comercio de servicios\u00bb, resalt\u00f3 el Ministerio de la Producci\u00f3n.&nbsp; La entidad se\u00f1al\u00f3 que Corea del Sur es el destino 18 de las exportaciones ecuatorianas en material no petrolero, con&nbsp;un valor de USD 124,7 millones en 2021. En exportaciones agr\u00edcolas y pesqueras, el pa\u00eds asi\u00e1tico ocupa el puesto 20 con&nbsp;USD 96,5 millones.&nbsp; Entre los productos m\u00e1s destacados de exportaci\u00f3n a Corea del Sur se encuentran\u00a0camarones, desperdicios de metales, banano, pescado, cacao, otros qu\u00edmicos y farmac\u00e9uticos. Por su parte, Ecuador import\u00f3 de aquella naci\u00f3n bienes como autom\u00f3viles livianos, pol\u00edmeros, otras manufacturas de metales, vacunas, productos inmunol\u00f3gicos y plasma, parachoques, entre otros.\u00a0 (I) El Tel\u00e9grafo<\/p>\n","protected":false},"author":1,"featured_media":4805,"comment_status":"open","ping_status":"open","sticky":false,"template":"","format":"standard","meta":{"footnotes":""},"categories":[268],"tags":[],"class_list":["post-4804","post","type-post","status-publish","format-standard","has-post-thumbnail","hentry","category-nacionales"],"_links":{"self":[{"href":"https:\/\/www.elamazonico.com\/portal\/wp-json\/wp\/v2\/posts\/4804","targetHints":{"allow":["GET"]}}],"collection":[{"href":"https:\/\/www.elamazonico.com\/portal\/wp-json\/wp\/v2\/posts"}],"about":[{"href":"https:\/\/www.elamazonico.com\/portal\/wp-json\/wp\/v2\/types\/post"}],"author":[{"embeddable":true,"href":"https:\/\/www.elamazonico.com\/portal\/wp-json\/wp\/v2\/users\/1"}],"replies":[{"embeddable":true,"href":"https:\/\/www.elamazonico.com\/portal\/wp-json\/wp\/v2\/comments?post=4804"}],"version-history":[{"count":1,"href":"https:\/\/www.elamazonico.com\/portal\/wp-json\/wp\/v2\/posts\/4804\/revisions"}],"predecessor-version":[{"id":4806,"href":"https:\/\/www.elamazonico.com\/portal\/wp-json\/wp\/v2\/posts\/4804\/revisions\/4806"}],"wp:featuredmedia":[{"embeddable":true,"href":"https:\/\/www.elamazonico.com\/portal\/wp-json\/wp\/v2\/media\/4805"}],"wp:attachment":[{"href":"https:\/\/www.elamazonico.com\/portal\/wp-json\/wp\/v2\/media?parent=4804"}],"wp:term":[{"taxonomy":"category","embeddable":true,"href":"https:\/\/www.elamazonico.com\/portal\/wp-json\/wp\/v2\/categories?post=4804"},{"taxonomy":"post_tag","embeddable":true,"href":"https:\/\/www.elamazonico.com\/portal\/wp-json\/wp\/v2\/tags?post=4804"}],"curies":[{"name":"wp","href":"https:\/\/api.w.org\/{rel}","templated":true}]}}