{"id":4801,"date":"2022-07-14T05:56:53","date_gmt":"2022-07-14T10:56:53","guid":{"rendered":"https:\/\/www.elamazonico.com\/portal\/?p=4801"},"modified":"2022-07-14T05:57:06","modified_gmt":"2022-07-14T10:57:06","slug":"propuestas-para-focalizacion-de-los-subsidios-a-los-combustibles-se-analizaran-por-separado%ef%bf%bc","status":"publish","type":"post","link":"https:\/\/www.elamazonico.com\/portal\/propuestas-para-focalizacion-de-los-subsidios-a-los-combustibles-se-analizaran-por-separado%ef%bf%bc\/","title":{"rendered":"Propuestas para focalizaci\u00f3n de los subsidios a los combustibles se analizar\u00e1n por separado\ufffc"},"content":{"rendered":"\n<p>Dar\u00edo Herrera, ministro de Transporte, indic\u00f3 este mi\u00e9rcoles 13 de julio del 2022 que el Gobierno y los representantes de las organizaciones sociales analizar\u00e1n el jueves 14 por separado, las propuestas sobre la focalizaci\u00f3n de los subsidios&nbsp;a los combustibles.&nbsp;<\/p>\n\n\n\n<p>El prop\u00f3sito es&nbsp;llegar con una propuesta que pueda ser debatida de manera conjunta el viernes 15, dentro de las reuniones que se realizan en las mesas t\u00e9cnicas. \u00abRevisaremos esta informaci\u00f3n de lado y lado, para que tengan el tiempo necesario para analizar toda la informaci\u00f3n y nosotros avanzar en b\u00fasqueda de informaci\u00f3n y estrategias adicionales\u00bb, precis\u00f3 el Ministro.&nbsp;<\/p>\n\n\n\n<p>\u00abLas propuestas no solo deben venir del Gobierno Nacional, sino que sean realizadas en conjunto, alcanzando consensos verdaderos\u00bb, agreg\u00f3 Herrera.\u00a0 (I)<\/p>\n\n\n\n<p>El Tel\u00e9grafo<\/p>\n","protected":false},"excerpt":{"rendered":"<p>Dar\u00edo Herrera, ministro de Transporte, indic\u00f3 este mi\u00e9rcoles 13 de julio del 2022 que el Gobierno y los representantes de las organizaciones sociales analizar\u00e1n el jueves 14 por separado, las propuestas sobre la focalizaci\u00f3n de los subsidios&nbsp;a los combustibles.&nbsp; El prop\u00f3sito es&nbsp;llegar con una propuesta que pueda ser debatida de manera conjunta el viernes 15, dentro de las reuniones que se realizan en las mesas t\u00e9cnicas. \u00abRevisaremos esta informaci\u00f3n de lado y lado, para que tengan el tiempo necesario para analizar toda la informaci\u00f3n y nosotros avanzar en b\u00fasqueda de informaci\u00f3n y estrategias adicionales\u00bb, precis\u00f3 el Ministro.&nbsp; \u00abLas propuestas no solo deben venir del Gobierno Nacional, sino que sean realizadas en conjunto, alcanzando consensos verdaderos\u00bb, agreg\u00f3 Herrera.\u00a0 (I) El Tel\u00e9grafo<\/p>\n","protected":false},"author":1,"featured_media":4802,"comment_status":"open","ping_status":"open","sticky":false,"template":"","format":"standard","meta":{"footnotes":""},"categories":[268],"tags":[],"class_list":["post-4801","post","type-post","status-publish","format-standard","has-post-thumbnail","hentry","category-nacionales"],"_links":{"self":[{"href":"https:\/\/www.elamazonico.com\/portal\/wp-json\/wp\/v2\/posts\/4801","targetHints":{"allow":["GET"]}}],"collection":[{"href":"https:\/\/www.elamazonico.com\/portal\/wp-json\/wp\/v2\/posts"}],"about":[{"href":"https:\/\/www.elamazonico.com\/portal\/wp-json\/wp\/v2\/types\/post"}],"author":[{"embeddable":true,"href":"https:\/\/www.elamazonico.com\/portal\/wp-json\/wp\/v2\/users\/1"}],"replies":[{"embeddable":true,"href":"https:\/\/www.elamazonico.com\/portal\/wp-json\/wp\/v2\/comments?post=4801"}],"version-history":[{"count":1,"href":"https:\/\/www.elamazonico.com\/portal\/wp-json\/wp\/v2\/posts\/4801\/revisions"}],"predecessor-version":[{"id":4803,"href":"https:\/\/www.elamazonico.com\/portal\/wp-json\/wp\/v2\/posts\/4801\/revisions\/4803"}],"wp:featuredmedia":[{"embeddable":true,"href":"https:\/\/www.elamazonico.com\/portal\/wp-json\/wp\/v2\/media\/4802"}],"wp:attachment":[{"href":"https:\/\/www.elamazonico.com\/portal\/wp-json\/wp\/v2\/media?parent=4801"}],"wp:term":[{"taxonomy":"category","embeddable":true,"href":"https:\/\/www.elamazonico.com\/portal\/wp-json\/wp\/v2\/categories?post=4801"},{"taxonomy":"post_tag","embeddable":true,"href":"https:\/\/www.elamazonico.com\/portal\/wp-json\/wp\/v2\/tags?post=4801"}],"curies":[{"name":"wp","href":"https:\/\/api.w.org\/{rel}","templated":true}]}}