{"id":4677,"date":"2022-07-07T09:50:46","date_gmt":"2022-07-07T14:50:46","guid":{"rendered":"https:\/\/www.elamazonico.com\/portal\/?p=4677"},"modified":"2022-07-07T09:50:54","modified_gmt":"2022-07-07T14:50:54","slug":"primera-mesa-de-dialogo-entre-el-gobierno-y-la-conaie-se-instala-este-jueves-7-de-julio","status":"publish","type":"post","link":"https:\/\/www.elamazonico.com\/portal\/primera-mesa-de-dialogo-entre-el-gobierno-y-la-conaie-se-instala-este-jueves-7-de-julio\/","title":{"rendered":"Primera mesa de di\u00e1logo entre el Gobierno y la Conaie se instala este jueves 7 de julio"},"content":{"rendered":"\n<p>Para las 09:00 de este jueves 7 de julio se instalar\u00e1 la primera mesa de di\u00e1logo entre el\u00a0<strong>Gobierno\u00a0<\/strong>y el\u00a0<strong>movimiento ind\u00edgena<\/strong>. El acto se llevar\u00e1 a cabo en la sede de la\u00a0<strong>Conferencia Episcopal Ecuatoriana<\/strong>.<\/p>\n\n\n\n<p>En un comunicado emitido por la Conferencia Episcopal Ecuatoriana se\u00f1al\u00f3 que en esta\u00a0<strong>primera jornada<\/strong>\u00a0de trabajo se determinar\u00e1: la\u00a0<strong>metodolog\u00eda de trabajo<\/strong>, los\u00a0<strong>temas a tratar<\/strong>\u00a0y una\u00a0<strong>hoja de ruta<\/strong>\u00a0con los pasos a seguir durante estos 90 d\u00edas.<video preload=\"none\" src=\"https:\/\/cdn.fireclip.io\/canal12\/2020\/10\/13\/dd345\/d34d\/preroll_cy-ok-mp4.mp4\">Desde el\u00a0<strong>Gobierno,\u00a0<\/strong>el principal vocero ser\u00e1 el ministro de Gobierno,\u00a0<strong>Francisco Jim\u00e9nez<\/strong>.\u202f\u202f<\/video><\/p>\n\n\n\n<p>Bajo la direcci\u00f3n de Jim\u00e9nez estar\u00e1 un equipo encabezado por&nbsp;<strong>Chrystiam Cevallos<\/strong>, subsecretario de Articulaci\u00f3n Intergubernamental, quien estar\u00e1 acompa\u00f1ado de cinco profesionales especializados en leyes, comunicaci\u00f3n, lo social,\u202fecon\u00f3mico y pol\u00edtico.\u202f<\/p>\n\n\n\n<p>Para el analista pol\u00edtico,&nbsp;<strong>Pedro Donoso<\/strong>, al menos en la primera reuni\u00f3n en donde se acordar\u00e1n las reglas del juego debe estar la m\u00e1s alta autoridad que tenga poder de decisi\u00f3n.<\/p>\n\n\n\n<p>De su parte,\u00a0<strong>Leonidas Iza<\/strong>, presidente de la Confederaci\u00f3n de Nacionalidades Ind\u00edgenas del Ecuador (<strong>Conaie<\/strong>), se\u00f1al\u00f3 a trav\u00e9s de su cuenta de Twitter que \u00abel movimiento ind\u00edgena pondr\u00e1 todo de su parte para que las mesas t\u00e9cnicas canalicen los mecanismos a soluciones reales en los temas pendientes de la agenda del paro nacional. Fuente: El Comercio<\/p>\n","protected":false},"excerpt":{"rendered":"<p>Para las 09:00 de este jueves 7 de julio se instalar\u00e1 la primera mesa de di\u00e1logo entre el\u00a0Gobierno\u00a0y el\u00a0movimiento ind\u00edgena. El acto se llevar\u00e1 a cabo en la sede de la\u00a0Conferencia Episcopal Ecuatoriana. En un comunicado emitido por la Conferencia Episcopal Ecuatoriana se\u00f1al\u00f3 que en esta\u00a0primera jornada\u00a0de trabajo se determinar\u00e1: la\u00a0metodolog\u00eda de trabajo, los\u00a0temas a tratar\u00a0y una\u00a0hoja de ruta\u00a0con los pasos a seguir durante estos 90 d\u00edas.Desde el\u00a0Gobierno,\u00a0el principal vocero ser\u00e1 el ministro de Gobierno,\u00a0Francisco Jim\u00e9nez.\u202f\u202f Bajo la direcci\u00f3n de Jim\u00e9nez estar\u00e1 un equipo encabezado por&nbsp;Chrystiam Cevallos, subsecretario de Articulaci\u00f3n Intergubernamental, quien estar\u00e1 acompa\u00f1ado de cinco profesionales especializados en leyes, comunicaci\u00f3n, lo social,\u202fecon\u00f3mico y pol\u00edtico.\u202f Para el analista pol\u00edtico,&nbsp;Pedro Donoso, al menos en la primera reuni\u00f3n en donde se acordar\u00e1n las reglas del juego debe estar la m\u00e1s alta autoridad que tenga poder de decisi\u00f3n. De su parte,\u00a0Leonidas Iza, presidente de la Confederaci\u00f3n de Nacionalidades Ind\u00edgenas del Ecuador (Conaie), se\u00f1al\u00f3 a trav\u00e9s de su cuenta de Twitter que \u00abel movimiento ind\u00edgena pondr\u00e1 todo de su parte para que las mesas t\u00e9cnicas canalicen los mecanismos a soluciones reales en los temas pendientes de la agenda del paro nacional. Fuente: El Comercio<\/p>\n","protected":false},"author":1,"featured_media":4678,"comment_status":"open","ping_status":"open","sticky":false,"template":"","format":"standard","meta":{"footnotes":""},"categories":[1],"tags":[],"class_list":["post-4677","post","type-post","status-publish","format-standard","has-post-thumbnail","hentry","category-uncategorized"],"_links":{"self":[{"href":"https:\/\/www.elamazonico.com\/portal\/wp-json\/wp\/v2\/posts\/4677","targetHints":{"allow":["GET"]}}],"collection":[{"href":"https:\/\/www.elamazonico.com\/portal\/wp-json\/wp\/v2\/posts"}],"about":[{"href":"https:\/\/www.elamazonico.com\/portal\/wp-json\/wp\/v2\/types\/post"}],"author":[{"embeddable":true,"href":"https:\/\/www.elamazonico.com\/portal\/wp-json\/wp\/v2\/users\/1"}],"replies":[{"embeddable":true,"href":"https:\/\/www.elamazonico.com\/portal\/wp-json\/wp\/v2\/comments?post=4677"}],"version-history":[{"count":1,"href":"https:\/\/www.elamazonico.com\/portal\/wp-json\/wp\/v2\/posts\/4677\/revisions"}],"predecessor-version":[{"id":4679,"href":"https:\/\/www.elamazonico.com\/portal\/wp-json\/wp\/v2\/posts\/4677\/revisions\/4679"}],"wp:featuredmedia":[{"embeddable":true,"href":"https:\/\/www.elamazonico.com\/portal\/wp-json\/wp\/v2\/media\/4678"}],"wp:attachment":[{"href":"https:\/\/www.elamazonico.com\/portal\/wp-json\/wp\/v2\/media?parent=4677"}],"wp:term":[{"taxonomy":"category","embeddable":true,"href":"https:\/\/www.elamazonico.com\/portal\/wp-json\/wp\/v2\/categories?post=4677"},{"taxonomy":"post_tag","embeddable":true,"href":"https:\/\/www.elamazonico.com\/portal\/wp-json\/wp\/v2\/tags?post=4677"}],"curies":[{"name":"wp","href":"https:\/\/api.w.org\/{rel}","templated":true}]}}