{"id":4308,"date":"2022-06-20T07:05:52","date_gmt":"2022-06-20T12:05:52","guid":{"rendered":"https:\/\/www.elamazonico.com\/portal\/?p=4308"},"modified":"2022-06-20T07:06:13","modified_gmt":"2022-06-20T12:06:13","slug":"guillermo-zhinin-va-por-la-alcaldia-de-nangaritza","status":"publish","type":"post","link":"https:\/\/www.elamazonico.com\/portal\/guillermo-zhinin-va-por-la-alcaldia-de-nangaritza\/","title":{"rendered":"Guillermo Zhin\u00edn va por la alcald\u00eda de Nangaritza."},"content":{"rendered":"\n<p>Con la presencia de 500 personas se llev\u00f3 a efecto la noche del s\u00e1bado 18 de junio de 2022 la proclamaci\u00f3n de la candidatura para la alcald\u00eda del cant\u00f3n Nangaritza a Guillermo Zhin\u00edn.<\/p>\n\n\n\n<p>El partido socialista ecuatoriano en ese cant\u00f3n alista a los candidatos para concejales Urbano y Rural. Adem\u00e1s, vocales para las juntas parroquiales del cant\u00f3n. Para la designaci\u00f3n de los mismos se llevar\u00e1 a efecto a trav\u00e9s de primarias en el mes de julio.<\/p>\n\n\n\n<p>Guillermo Zhin\u00edn es el primero en proclamar su candidatura para la alcald\u00eda del cant\u00f3n Nangaritza para las elecciones seccionales del 2023 (I)<\/p>\n","protected":false},"excerpt":{"rendered":"<p>Con la presencia de 500 personas se llev\u00f3 a efecto la noche del s\u00e1bado 18 de junio de 2022 la proclamaci\u00f3n de la candidatura para la alcald\u00eda del cant\u00f3n Nangaritza a Guillermo Zhin\u00edn. El partido socialista ecuatoriano en ese cant\u00f3n alista a los candidatos para concejales Urbano y Rural. Adem\u00e1s, vocales para las juntas parroquiales del cant\u00f3n. Para la designaci\u00f3n de los mismos se llevar\u00e1 a efecto a trav\u00e9s de primarias en el mes de julio. Guillermo Zhin\u00edn es el primero en proclamar su candidatura para la alcald\u00eda del cant\u00f3n Nangaritza para las elecciones seccionales del 2023 (I)<\/p>\n","protected":false},"author":1,"featured_media":4309,"comment_status":"open","ping_status":"open","sticky":false,"template":"","format":"standard","meta":{"footnotes":""},"categories":[1],"tags":[],"class_list":["post-4308","post","type-post","status-publish","format-standard","has-post-thumbnail","hentry","category-uncategorized"],"_links":{"self":[{"href":"https:\/\/www.elamazonico.com\/portal\/wp-json\/wp\/v2\/posts\/4308","targetHints":{"allow":["GET"]}}],"collection":[{"href":"https:\/\/www.elamazonico.com\/portal\/wp-json\/wp\/v2\/posts"}],"about":[{"href":"https:\/\/www.elamazonico.com\/portal\/wp-json\/wp\/v2\/types\/post"}],"author":[{"embeddable":true,"href":"https:\/\/www.elamazonico.com\/portal\/wp-json\/wp\/v2\/users\/1"}],"replies":[{"embeddable":true,"href":"https:\/\/www.elamazonico.com\/portal\/wp-json\/wp\/v2\/comments?post=4308"}],"version-history":[{"count":1,"href":"https:\/\/www.elamazonico.com\/portal\/wp-json\/wp\/v2\/posts\/4308\/revisions"}],"predecessor-version":[{"id":4311,"href":"https:\/\/www.elamazonico.com\/portal\/wp-json\/wp\/v2\/posts\/4308\/revisions\/4311"}],"wp:featuredmedia":[{"embeddable":true,"href":"https:\/\/www.elamazonico.com\/portal\/wp-json\/wp\/v2\/media\/4309"}],"wp:attachment":[{"href":"https:\/\/www.elamazonico.com\/portal\/wp-json\/wp\/v2\/media?parent=4308"}],"wp:term":[{"taxonomy":"category","embeddable":true,"href":"https:\/\/www.elamazonico.com\/portal\/wp-json\/wp\/v2\/categories?post=4308"},{"taxonomy":"post_tag","embeddable":true,"href":"https:\/\/www.elamazonico.com\/portal\/wp-json\/wp\/v2\/tags?post=4308"}],"curies":[{"name":"wp","href":"https:\/\/api.w.org\/{rel}","templated":true}]}}