{"id":4295,"date":"2022-06-20T06:05:18","date_gmt":"2022-06-20T11:05:18","guid":{"rendered":"https:\/\/www.elamazonico.com\/portal\/?p=4295"},"modified":"2022-06-20T06:05:27","modified_gmt":"2022-06-20T11:05:27","slug":"gustavo-petro-es-nuevo-presidente-de-colombia%ef%bf%bc","status":"publish","type":"post","link":"https:\/\/www.elamazonico.com\/portal\/gustavo-petro-es-nuevo-presidente-de-colombia%ef%bf%bc\/","title":{"rendered":"Gustavo Petro es nuevo presidente de Colombia\ufffc"},"content":{"rendered":"\n<p>Gustavo Petro se convirti\u00f3 en el nuevo presidente de Colombia, este domingo 19 de junio del 2022, con m\u00e1s del&nbsp;51% de votos a su favor sobre el 46% de Rodolfo Hern\u00e1ndez. Es decir, sum\u00f3&nbsp;m\u00e1s de 11 millones de votos en la segunda vuelta.<\/p>\n\n\n\n<p>Si al final del d\u00eda se ratifica esta tendencia, el pr\u00f3ximo mandatario se convertir\u00e1 en el primero de izquierda que llegar\u00e1 al poder de la Casa de Nari\u00f1o.<\/p>\n\n\n\n<p>Petro naci\u00f3 el 19 de abril de 1960, en Ci\u00e9naga de Oro (C\u00f3rdoba). Es economista de la Universidad Externado.Tiene una especializaci\u00f3n en administraci\u00f3n p\u00fablica de la ESAP, estudios en econom\u00eda en la Universidad Javeriana, en medio ambiente y desarrollo poblacional en la Universidad Cat\u00f3lica de Lovaina y en nuevas tendencias en administraci\u00f3n de empresas en la Universidad de Salamanca.<\/p>\n\n\n\n<p>Durante su campa\u00f1a, Petro carg\u00f3 a cuestas el lastre de haber sido integrante de un grupo guerrillero que propici\u00f3 una de las peores tragedias de la historia del pa\u00eds, la toma del Palacio de Justicia (a pesar de no haber participado directamente), pero a la vez de ser uno de los l\u00edderes pol\u00edticos m\u00e1s importantes de la historia reciente de Colombia.<\/p>\n\n\n\n<p>A su vez,\u00a0Francia M\u00e1rquez (quien creci\u00f3 en\u00a0Yolomb\u00f3, Cauca, en 1981)\u00a0es, seg\u00fan su propia descripci\u00f3n, la primera mujer \u00abnegra, afrodescendiente, oriunda de las regiones m\u00e1s empobrecidas\u00bb de Colombia que ser\u00e1 vicepresidenta. (I)<\/p>\n","protected":false},"excerpt":{"rendered":"<p>Gustavo Petro se convirti\u00f3 en el nuevo presidente de Colombia, este domingo 19 de junio del 2022, con m\u00e1s del&nbsp;51% de votos a su favor sobre el 46% de Rodolfo Hern\u00e1ndez. Es decir, sum\u00f3&nbsp;m\u00e1s de 11 millones de votos en la segunda vuelta. Si al final del d\u00eda se ratifica esta tendencia, el pr\u00f3ximo mandatario se convertir\u00e1 en el primero de izquierda que llegar\u00e1 al poder de la Casa de Nari\u00f1o. Petro naci\u00f3 el 19 de abril de 1960, en Ci\u00e9naga de Oro (C\u00f3rdoba). Es economista de la Universidad Externado.Tiene una especializaci\u00f3n en administraci\u00f3n p\u00fablica de la ESAP, estudios en econom\u00eda en la Universidad Javeriana, en medio ambiente y desarrollo poblacional en la Universidad Cat\u00f3lica de Lovaina y en nuevas tendencias en administraci\u00f3n de empresas en la Universidad de Salamanca. Durante su campa\u00f1a, Petro carg\u00f3 a cuestas el lastre de haber sido integrante de un grupo guerrillero que propici\u00f3 una de las peores tragedias de la historia del pa\u00eds, la toma del Palacio de Justicia (a pesar de no haber participado directamente), pero a la vez de ser uno de los l\u00edderes pol\u00edticos m\u00e1s importantes de la historia reciente de Colombia. A su vez,\u00a0Francia M\u00e1rquez (quien creci\u00f3 en\u00a0Yolomb\u00f3, Cauca, en 1981)\u00a0es, seg\u00fan su propia descripci\u00f3n, la primera mujer \u00abnegra, afrodescendiente, oriunda de las regiones m\u00e1s empobrecidas\u00bb de Colombia que ser\u00e1 vicepresidenta. (I)<\/p>\n","protected":false},"author":1,"featured_media":4296,"comment_status":"open","ping_status":"open","sticky":false,"template":"","format":"standard","meta":{"footnotes":""},"categories":[5],"tags":[],"class_list":["post-4295","post","type-post","status-publish","format-standard","has-post-thumbnail","hentry","category-internacionales"],"_links":{"self":[{"href":"https:\/\/www.elamazonico.com\/portal\/wp-json\/wp\/v2\/posts\/4295","targetHints":{"allow":["GET"]}}],"collection":[{"href":"https:\/\/www.elamazonico.com\/portal\/wp-json\/wp\/v2\/posts"}],"about":[{"href":"https:\/\/www.elamazonico.com\/portal\/wp-json\/wp\/v2\/types\/post"}],"author":[{"embeddable":true,"href":"https:\/\/www.elamazonico.com\/portal\/wp-json\/wp\/v2\/users\/1"}],"replies":[{"embeddable":true,"href":"https:\/\/www.elamazonico.com\/portal\/wp-json\/wp\/v2\/comments?post=4295"}],"version-history":[{"count":1,"href":"https:\/\/www.elamazonico.com\/portal\/wp-json\/wp\/v2\/posts\/4295\/revisions"}],"predecessor-version":[{"id":4297,"href":"https:\/\/www.elamazonico.com\/portal\/wp-json\/wp\/v2\/posts\/4295\/revisions\/4297"}],"wp:featuredmedia":[{"embeddable":true,"href":"https:\/\/www.elamazonico.com\/portal\/wp-json\/wp\/v2\/media\/4296"}],"wp:attachment":[{"href":"https:\/\/www.elamazonico.com\/portal\/wp-json\/wp\/v2\/media?parent=4295"}],"wp:term":[{"taxonomy":"category","embeddable":true,"href":"https:\/\/www.elamazonico.com\/portal\/wp-json\/wp\/v2\/categories?post=4295"},{"taxonomy":"post_tag","embeddable":true,"href":"https:\/\/www.elamazonico.com\/portal\/wp-json\/wp\/v2\/tags?post=4295"}],"curies":[{"name":"wp","href":"https:\/\/api.w.org\/{rel}","templated":true}]}}