{"id":4258,"date":"2022-06-16T11:41:33","date_gmt":"2022-06-16T16:41:33","guid":{"rendered":"https:\/\/www.elamazonico.com\/portal\/?p=4258"},"modified":"2022-06-16T11:41:40","modified_gmt":"2022-06-16T16:41:40","slug":"gobierno-acepta-mediaciones-de-terceros-con-el-sector-indigena","status":"publish","type":"post","link":"https:\/\/www.elamazonico.com\/portal\/gobierno-acepta-mediaciones-de-terceros-con-el-sector-indigena\/","title":{"rendered":"Gobierno acepta mediaciones de terceros con el sector ind\u00edgena"},"content":{"rendered":"\n<p>Francisco Jim\u00e9nez, ministro de Gobierno, reiter\u00f3 la intenci\u00f3n del Gobierno de sostener di\u00e1logos con los dirigentes ind\u00edgenas para encontrar soluciones y finalizar la paralizaci\u00f3n que afecta al pa\u00eds. En este contexto, el funcionario incluso anticip\u00f3 que est\u00e1n dispuestos a aceptar la mediaci\u00f3n de terceros si es necesario.&nbsp;<\/p>\n\n\n\n<p>Durante una conferencia de prensa, la noche del mi\u00e9rcoles 15 de junio del 2022, Jim\u00e9nez&nbsp;resalt\u00f3&nbsp;\u00abque la mayor\u00eda de la poblaci\u00f3n solo quieren trabajar\u00bb.&nbsp;<\/p>\n\n\n\n<p>\u00abLa mayor\u00eda de los ecuatorianos est\u00e1 trabajando, no quiere parar\u00bb, remarc\u00f3 ante los medios. Luego revel\u00f3 que \u00abexisten terceros, de otras organizaciones o instituciones,&nbsp;que quieren mediar con la comunidad ind\u00edgena\u00bb. Esto el Gobierno lo ve con buenos ojos, pues permitir\u00e1 \u00abtener una posici\u00f3n imparcial\u00bb.<\/p>\n\n\n\n<p>Sobre las afirmaciones del l\u00edder ind\u00edgena Leonidas Iza, Jim\u00e9nez dijo que comprend\u00eda pero no compart\u00eda. \u00abTiene su derecho de decir que el paro se mantiene y nosotros el derecho de decir que las puertas al di\u00e1logo siguen abiertas\u00bb.&nbsp;<\/p>\n\n\n\n<p>\u00abNo tenemos ning\u00fan problema de conversar con mediaci\u00f3n de terceros o de forma directa. No hay raz\u00f3n justificada para las protestas, pero estamos dispuestos a mantener las conversaciones. El m\u00e9todo es secundario. Siempre vamos a buscar las mejores soluciones\u00bb, concluy\u00f3 el Ministro. Fuente: Diario El Tel\u00e9grafo<\/p>\n\n\n\n<p><\/p>\n\n\n\n<figure class=\"wp-block-embed\"><div class=\"wp-block-embed__wrapper\">\nhttps:\/\/www.facebook.com\/PresidenciaEC\/videos\/582667299919595\/\n<\/div><\/figure>\n","protected":false},"excerpt":{"rendered":"<p>Francisco Jim\u00e9nez, ministro de Gobierno, reiter\u00f3 la intenci\u00f3n del Gobierno de sostener di\u00e1logos con los dirigentes ind\u00edgenas para encontrar soluciones y finalizar la paralizaci\u00f3n que afecta al pa\u00eds. En este contexto, el funcionario incluso anticip\u00f3 que est\u00e1n dispuestos a aceptar la mediaci\u00f3n de terceros si es necesario.&nbsp; Durante una conferencia de prensa, la noche del mi\u00e9rcoles 15 de junio del 2022, Jim\u00e9nez&nbsp;resalt\u00f3&nbsp;\u00abque la mayor\u00eda de la poblaci\u00f3n solo quieren trabajar\u00bb.&nbsp; \u00abLa mayor\u00eda de los ecuatorianos est\u00e1 trabajando, no quiere parar\u00bb, remarc\u00f3 ante los medios. Luego revel\u00f3 que \u00abexisten terceros, de otras organizaciones o instituciones,&nbsp;que quieren mediar con la comunidad ind\u00edgena\u00bb. Esto el Gobierno lo ve con buenos ojos, pues permitir\u00e1 \u00abtener una posici\u00f3n imparcial\u00bb. Sobre las afirmaciones del l\u00edder ind\u00edgena Leonidas Iza, Jim\u00e9nez dijo que comprend\u00eda pero no compart\u00eda. \u00abTiene su derecho de decir que el paro se mantiene y nosotros el derecho de decir que las puertas al di\u00e1logo siguen abiertas\u00bb.&nbsp; \u00abNo tenemos ning\u00fan problema de conversar con mediaci\u00f3n de terceros o de forma directa. No hay raz\u00f3n justificada para las protestas, pero estamos dispuestos a mantener las conversaciones. El m\u00e9todo es secundario. Siempre vamos a buscar las mejores soluciones\u00bb, concluy\u00f3 el Ministro. Fuente: Diario El Tel\u00e9grafo<\/p>\n","protected":false},"author":1,"featured_media":4259,"comment_status":"open","ping_status":"open","sticky":false,"template":"","format":"standard","meta":{"footnotes":""},"categories":[1],"tags":[],"class_list":["post-4258","post","type-post","status-publish","format-standard","has-post-thumbnail","hentry","category-uncategorized"],"_links":{"self":[{"href":"https:\/\/www.elamazonico.com\/portal\/wp-json\/wp\/v2\/posts\/4258","targetHints":{"allow":["GET"]}}],"collection":[{"href":"https:\/\/www.elamazonico.com\/portal\/wp-json\/wp\/v2\/posts"}],"about":[{"href":"https:\/\/www.elamazonico.com\/portal\/wp-json\/wp\/v2\/types\/post"}],"author":[{"embeddable":true,"href":"https:\/\/www.elamazonico.com\/portal\/wp-json\/wp\/v2\/users\/1"}],"replies":[{"embeddable":true,"href":"https:\/\/www.elamazonico.com\/portal\/wp-json\/wp\/v2\/comments?post=4258"}],"version-history":[{"count":1,"href":"https:\/\/www.elamazonico.com\/portal\/wp-json\/wp\/v2\/posts\/4258\/revisions"}],"predecessor-version":[{"id":4260,"href":"https:\/\/www.elamazonico.com\/portal\/wp-json\/wp\/v2\/posts\/4258\/revisions\/4260"}],"wp:featuredmedia":[{"embeddable":true,"href":"https:\/\/www.elamazonico.com\/portal\/wp-json\/wp\/v2\/media\/4259"}],"wp:attachment":[{"href":"https:\/\/www.elamazonico.com\/portal\/wp-json\/wp\/v2\/media?parent=4258"}],"wp:term":[{"taxonomy":"category","embeddable":true,"href":"https:\/\/www.elamazonico.com\/portal\/wp-json\/wp\/v2\/categories?post=4258"},{"taxonomy":"post_tag","embeddable":true,"href":"https:\/\/www.elamazonico.com\/portal\/wp-json\/wp\/v2\/tags?post=4258"}],"curies":[{"name":"wp","href":"https:\/\/api.w.org\/{rel}","templated":true}]}}