{"id":4245,"date":"2022-06-16T06:12:02","date_gmt":"2022-06-16T11:12:02","guid":{"rendered":"https:\/\/www.elamazonico.com\/portal\/?p=4245"},"modified":"2022-06-16T06:12:09","modified_gmt":"2022-06-16T11:12:09","slug":"mejora-infraestructura-de-planteles-educativos-en-paltas","status":"publish","type":"post","link":"https:\/\/www.elamazonico.com\/portal\/mejora-infraestructura-de-planteles-educativos-en-paltas\/","title":{"rendered":"Mejora infraestructura de planteles educativos en Paltas"},"content":{"rendered":"\n<p><em>El Gobierno Nacional a trav\u00e9s del Ministerio de Educaci\u00f3n invierte un mill\u00f3n y medio de d\u00f3lares en el mantenimiento de la infraestructura educativa en el Distrito 11D03.<\/em><\/p>\n\n\n\n<p>El rector de la Unidad Educativa Paltas, C\u00e9sar Macas, ve con optimismo el inicio del proceso de consultor\u00eda y an\u00e1lisis de estudios geol\u00f3gicos y estructurales para determinar la situaci\u00f3n de la infraestructura del plantel.<\/p>\n\n\n\n<p>\u201cAgradecemos el apoyo del Ministerio de Educaci\u00f3n y del Gobierno Nacional para la intervenci\u00f3n en las instituciones educativas que en este caso necesitan como la nuestra\u201d, manifest\u00f3.<\/p>\n\n\n\n<p>El director Zonal de Administraci\u00f3n Escolar, Jimmy Bravo, acompa\u00f1ado por el director Distrital 11D03 Paltas \u2013 Educaci\u00f3n, Carlos Julio L\u00f3pez, visitaron dos planteles que tienen asignaci\u00f3n de recursos.<\/p>\n\n\n\n<p>En la Escuela de Educaci\u00f3n B\u00e1sica 3 de Diciembre ya se encuentran en ejecuci\u00f3n los trabajos de mejoramiento.<\/p>\n\n\n\n<p>Carlos Julio L\u00f3pez dijo que en total son 5 las instituciones educativas que ser\u00e1n intervenidas. \u201cTanto estudiantes, como directivos y padres de familia han acogido con mucha alegr\u00eda el apoyo del Gobierno Nacional que asign\u00f3 aproximadamente 1 mill\u00f3n 500 mil d\u00f3lares\u201d.<\/p>\n\n\n\n<p>Otros planteles educativos que constan en la lista son el Colegio de Bachillerato Frontera Sur, Provincia de Pastaza y Unidad Educativa Lauro Guerrero. Camilo Espinosa, coordinador de Educaci\u00f3n Zona 7, resalt\u00f3 que el presupuesto para educaci\u00f3n aument\u00f3 significativamente en la presidencia de Guillermo Lasso.<\/p>\n\n\n\n<p>A esto se suma el aporte que brindan los gobiernos aut\u00f3nomos descentralizados, sociedad civil y empresa privada a trav\u00e9s del programa Apadrina una Escuela.<\/p>\n\n\n\n<p>As\u00ed, el Ministerio de Educaci\u00f3n, trabaja en acciones para mejorar la infraestructura escolar, y as\u00ed garantizar ambientes seguros y protegidos a los ni\u00f1os, ni\u00f1as y a adolescentes del pa\u00eds.<\/p>\n","protected":false},"excerpt":{"rendered":"<p>El Gobierno Nacional a trav\u00e9s del Ministerio de Educaci\u00f3n invierte un mill\u00f3n y medio de d\u00f3lares en el mantenimiento de la infraestructura educativa en el Distrito 11D03. El rector de la Unidad Educativa Paltas, C\u00e9sar Macas, ve con optimismo el inicio del proceso de consultor\u00eda y an\u00e1lisis de estudios geol\u00f3gicos y estructurales para determinar la situaci\u00f3n de la infraestructura del plantel. \u201cAgradecemos el apoyo del Ministerio de Educaci\u00f3n y del Gobierno Nacional para la intervenci\u00f3n en las instituciones educativas que en este caso necesitan como la nuestra\u201d, manifest\u00f3. El director Zonal de Administraci\u00f3n Escolar, Jimmy Bravo, acompa\u00f1ado por el director Distrital 11D03 Paltas \u2013 Educaci\u00f3n, Carlos Julio L\u00f3pez, visitaron dos planteles que tienen asignaci\u00f3n de recursos. En la Escuela de Educaci\u00f3n B\u00e1sica 3 de Diciembre ya se encuentran en ejecuci\u00f3n los trabajos de mejoramiento. Carlos Julio L\u00f3pez dijo que en total son 5 las instituciones educativas que ser\u00e1n intervenidas. \u201cTanto estudiantes, como directivos y padres de familia han acogido con mucha alegr\u00eda el apoyo del Gobierno Nacional que asign\u00f3 aproximadamente 1 mill\u00f3n 500 mil d\u00f3lares\u201d. Otros planteles educativos que constan en la lista son el Colegio de Bachillerato Frontera Sur, Provincia de Pastaza y Unidad Educativa Lauro Guerrero. Camilo Espinosa, coordinador de Educaci\u00f3n Zona 7, resalt\u00f3 que el presupuesto para educaci\u00f3n aument\u00f3 significativamente en la presidencia de Guillermo Lasso. A esto se suma el aporte que brindan los gobiernos aut\u00f3nomos descentralizados, sociedad civil y empresa privada a trav\u00e9s del programa Apadrina una Escuela. As\u00ed, el Ministerio de Educaci\u00f3n, trabaja en acciones para mejorar la infraestructura escolar, y as\u00ed garantizar ambientes seguros y protegidos a los ni\u00f1os, ni\u00f1as y a adolescentes del pa\u00eds.<\/p>\n","protected":false},"author":1,"featured_media":4246,"comment_status":"open","ping_status":"open","sticky":false,"template":"","format":"standard","meta":{"footnotes":""},"categories":[268],"tags":[],"class_list":["post-4245","post","type-post","status-publish","format-standard","has-post-thumbnail","hentry","category-nacionales"],"_links":{"self":[{"href":"https:\/\/www.elamazonico.com\/portal\/wp-json\/wp\/v2\/posts\/4245","targetHints":{"allow":["GET"]}}],"collection":[{"href":"https:\/\/www.elamazonico.com\/portal\/wp-json\/wp\/v2\/posts"}],"about":[{"href":"https:\/\/www.elamazonico.com\/portal\/wp-json\/wp\/v2\/types\/post"}],"author":[{"embeddable":true,"href":"https:\/\/www.elamazonico.com\/portal\/wp-json\/wp\/v2\/users\/1"}],"replies":[{"embeddable":true,"href":"https:\/\/www.elamazonico.com\/portal\/wp-json\/wp\/v2\/comments?post=4245"}],"version-history":[{"count":1,"href":"https:\/\/www.elamazonico.com\/portal\/wp-json\/wp\/v2\/posts\/4245\/revisions"}],"predecessor-version":[{"id":4247,"href":"https:\/\/www.elamazonico.com\/portal\/wp-json\/wp\/v2\/posts\/4245\/revisions\/4247"}],"wp:featuredmedia":[{"embeddable":true,"href":"https:\/\/www.elamazonico.com\/portal\/wp-json\/wp\/v2\/media\/4246"}],"wp:attachment":[{"href":"https:\/\/www.elamazonico.com\/portal\/wp-json\/wp\/v2\/media?parent=4245"}],"wp:term":[{"taxonomy":"category","embeddable":true,"href":"https:\/\/www.elamazonico.com\/portal\/wp-json\/wp\/v2\/categories?post=4245"},{"taxonomy":"post_tag","embeddable":true,"href":"https:\/\/www.elamazonico.com\/portal\/wp-json\/wp\/v2\/tags?post=4245"}],"curies":[{"name":"wp","href":"https:\/\/api.w.org\/{rel}","templated":true}]}}