{"id":4240,"date":"2022-06-16T06:06:48","date_gmt":"2022-06-16T11:06:48","guid":{"rendered":"https:\/\/www.elamazonico.com\/portal\/?p=4240"},"modified":"2022-06-16T06:06:56","modified_gmt":"2022-06-16T11:06:56","slug":"fiscalia-procesa-a-6-detenidos-por-ocasionar-desmanes","status":"publish","type":"post","link":"https:\/\/www.elamazonico.com\/portal\/fiscalia-procesa-a-6-detenidos-por-ocasionar-desmanes\/","title":{"rendered":"Fiscal\u00eda procesa a 6 detenidos por ocasionar desmanes"},"content":{"rendered":"\n<p>La Fiscal\u00eda del Guayas proces\u00f3 a seis personas \u2013cinco quedaron con prisi\u00f3n preventiva\u2013, luego de que fueran detenidas por la Polic\u00eda Nacional, durante los desmanes suscitados en varios sectores de esta ciudad, en el contexto de las protestas: habr\u00edan intentado robar en varios locales comerciales.<br>En diferentes audiencias de flagrancia, desarrolladas en las unidades judiciales Cuartel Modelo y Sur Valdivia, Fiscal\u00eda present\u00f3 los elementos de convicci\u00f3n que har\u00eda presumir la participaci\u00f3n de los detenidos en los hechos suscitados la tarde y noche del martes 14 de junio, entre estos: el parte de aprehensi\u00f3n, versiones de los afectados y de los agentes aprehensores, denuncias, comprobante de evidencias ingresadas en cadena de custodia en la Polic\u00eda Judicial y otros.<\/p>\n\n\n\n<p>Bryan Dar\u00edo T. N. y Mois\u00e9s Gabriel C. T. fueron detenidos cuando \u2013en compa\u00f1\u00eda de otras personas\u2013 intentaban ingresar a la fuerza y forcejeando las puertas de entrada de una cadena distribuidora de alimentos, ubicada en la cooperativa Dignidad Popular, a la altura de la avenida Ernesto Alb\u00e1n, en el sur de Guayaquil.<\/p>\n\n\n\n<p>Al notar la presencia policial, intentaron huir, pero fueron alcanzados por los agentes.<\/p>\n\n\n\n<p>En la audiencia de flagrancia desarrollada la ma\u00f1ana de este mi\u00e9rcoles 15 de junio, el juez de Garant\u00edas Penales, \u00c9dgar Mac\u00edas, acogi\u00f3 el pedido del fiscal Franz Mendoza Piguave y dict\u00f3 prisi\u00f3n preventiva para los dos procesados por su presunta participaci\u00f3n en el delito de robo, en grado de tentativa.<\/p>\n\n\n\n<p>Este mismo d\u00eda, pero en horas de la madrugada, el fiscal Paulo Quishpe proces\u00f3 a Manuel El\u00edas R. C., F\u00e9lix Brauly Q. A. y J\u00e9fferson Ismael C. A. El juez \u00c1ngel Moya acogi\u00f3 el pedido fiscal y dict\u00f3 la prisi\u00f3n preventiva para los tres, por el presunto delito de robo.<\/p>\n\n\n\n<p>La instrucci\u00f3n fiscal durar\u00e1 treinta d\u00edas.<\/p>\n\n\n\n<p>Ellos fueron detenidos por la Polic\u00eda Nacional y agentes de Control Metropolitano, tras haber saqueado un local comercial ubicado en las calles 27 y Rosendo Avil\u00e9s, en el suburbio de Guayaquil.<\/p>\n\n\n\n<p>Finalmente, en la Unidad de Flagrancia Cuartel Modelo fue procesado V\u00edctor F\u00e9lix A. A., tras \u2013presuntamente\u2013 haber participado en un asalto a una farmacia ubicada en el sector de Socio Vivienda, en el norte de Guayaquil.<\/p>\n\n\n\n<p>El ciudadano indic\u00f3 que fue sometido por varios sujetos que lo amenazaron de muerte si no \u00abcooperaba\u00bb con la movilizaci\u00f3n en la acci\u00f3n delictiva. El Juez de Garant\u00edas Penales le dict\u00f3 medidas cautelares como presentaci\u00f3n semanal ante Fiscal\u00eda y prohibici\u00f3n de salida del pa\u00eds. El procesado justific\u00f3 el arraigo laboral (taxista) y familiar en la audiencia.<\/p>\n\n\n\n<p><strong>Informaci\u00f3n jur\u00eddica<\/strong><\/p>\n\n\n\n<p>Estos casos fueron judicializados con base a lo dispuesto en el art\u00edculo 189, inciso segundo, del C\u00f3digo Org\u00e1nico Integral Penal, que sanciona el delito de robo, con pena privativa de libertad de tres a cinco a\u00f1os. (I)<\/p>\n\n\n\n<p>Ecuadorenvivo<\/p>\n","protected":false},"excerpt":{"rendered":"<p>La Fiscal\u00eda del Guayas proces\u00f3 a seis personas \u2013cinco quedaron con prisi\u00f3n preventiva\u2013, luego de que fueran detenidas por la Polic\u00eda Nacional, durante los desmanes suscitados en varios sectores de esta ciudad, en el contexto de las protestas: habr\u00edan intentado robar en varios locales comerciales.En diferentes audiencias de flagrancia, desarrolladas en las unidades judiciales Cuartel Modelo y Sur Valdivia, Fiscal\u00eda present\u00f3 los elementos de convicci\u00f3n que har\u00eda presumir la participaci\u00f3n de los detenidos en los hechos suscitados la tarde y noche del martes 14 de junio, entre estos: el parte de aprehensi\u00f3n, versiones de los afectados y de los agentes aprehensores, denuncias, comprobante de evidencias ingresadas en cadena de custodia en la Polic\u00eda Judicial y otros. Bryan Dar\u00edo T. N. y Mois\u00e9s Gabriel C. T. fueron detenidos cuando \u2013en compa\u00f1\u00eda de otras personas\u2013 intentaban ingresar a la fuerza y forcejeando las puertas de entrada de una cadena distribuidora de alimentos, ubicada en la cooperativa Dignidad Popular, a la altura de la avenida Ernesto Alb\u00e1n, en el sur de Guayaquil. Al notar la presencia policial, intentaron huir, pero fueron alcanzados por los agentes. En la audiencia de flagrancia desarrollada la ma\u00f1ana de este mi\u00e9rcoles 15 de junio, el juez de Garant\u00edas Penales, \u00c9dgar Mac\u00edas, acogi\u00f3 el pedido del fiscal Franz Mendoza Piguave y dict\u00f3 prisi\u00f3n preventiva para los dos procesados por su presunta participaci\u00f3n en el delito de robo, en grado de tentativa. Este mismo d\u00eda, pero en horas de la madrugada, el fiscal Paulo Quishpe proces\u00f3 a Manuel El\u00edas R. C., F\u00e9lix Brauly Q. A. y J\u00e9fferson Ismael C. A. El juez \u00c1ngel Moya acogi\u00f3 el pedido fiscal y dict\u00f3 la prisi\u00f3n preventiva para los tres, por el presunto delito de robo. La instrucci\u00f3n fiscal durar\u00e1 treinta d\u00edas. Ellos fueron detenidos por la Polic\u00eda Nacional y agentes de Control Metropolitano, tras haber saqueado un local comercial ubicado en las calles 27 y Rosendo Avil\u00e9s, en el suburbio de Guayaquil. Finalmente, en la Unidad de Flagrancia Cuartel Modelo fue procesado V\u00edctor F\u00e9lix A. A., tras \u2013presuntamente\u2013 haber participado en un asalto a una farmacia ubicada en el sector de Socio Vivienda, en el norte de Guayaquil. El ciudadano indic\u00f3 que fue sometido por varios sujetos que lo amenazaron de muerte si no \u00abcooperaba\u00bb con la movilizaci\u00f3n en la acci\u00f3n delictiva. El Juez de Garant\u00edas Penales le dict\u00f3 medidas cautelares como presentaci\u00f3n semanal ante Fiscal\u00eda y prohibici\u00f3n de salida del pa\u00eds. El procesado justific\u00f3 el arraigo laboral (taxista) y familiar en la audiencia. Informaci\u00f3n jur\u00eddica Estos casos fueron judicializados con base a lo dispuesto en el art\u00edculo 189, inciso segundo, del C\u00f3digo Org\u00e1nico Integral Penal, que sanciona el delito de robo, con pena privativa de libertad de tres a cinco a\u00f1os. (I) Ecuadorenvivo<\/p>\n","protected":false},"author":1,"featured_media":4241,"comment_status":"open","ping_status":"open","sticky":false,"template":"","format":"standard","meta":{"footnotes":""},"categories":[268],"tags":[],"class_list":["post-4240","post","type-post","status-publish","format-standard","has-post-thumbnail","hentry","category-nacionales"],"_links":{"self":[{"href":"https:\/\/www.elamazonico.com\/portal\/wp-json\/wp\/v2\/posts\/4240","targetHints":{"allow":["GET"]}}],"collection":[{"href":"https:\/\/www.elamazonico.com\/portal\/wp-json\/wp\/v2\/posts"}],"about":[{"href":"https:\/\/www.elamazonico.com\/portal\/wp-json\/wp\/v2\/types\/post"}],"author":[{"embeddable":true,"href":"https:\/\/www.elamazonico.com\/portal\/wp-json\/wp\/v2\/users\/1"}],"replies":[{"embeddable":true,"href":"https:\/\/www.elamazonico.com\/portal\/wp-json\/wp\/v2\/comments?post=4240"}],"version-history":[{"count":1,"href":"https:\/\/www.elamazonico.com\/portal\/wp-json\/wp\/v2\/posts\/4240\/revisions"}],"predecessor-version":[{"id":4242,"href":"https:\/\/www.elamazonico.com\/portal\/wp-json\/wp\/v2\/posts\/4240\/revisions\/4242"}],"wp:featuredmedia":[{"embeddable":true,"href":"https:\/\/www.elamazonico.com\/portal\/wp-json\/wp\/v2\/media\/4241"}],"wp:attachment":[{"href":"https:\/\/www.elamazonico.com\/portal\/wp-json\/wp\/v2\/media?parent=4240"}],"wp:term":[{"taxonomy":"category","embeddable":true,"href":"https:\/\/www.elamazonico.com\/portal\/wp-json\/wp\/v2\/categories?post=4240"},{"taxonomy":"post_tag","embeddable":true,"href":"https:\/\/www.elamazonico.com\/portal\/wp-json\/wp\/v2\/tags?post=4240"}],"curies":[{"name":"wp","href":"https:\/\/api.w.org\/{rel}","templated":true}]}}