{"id":4237,"date":"2022-06-16T06:04:41","date_gmt":"2022-06-16T11:04:41","guid":{"rendered":"https:\/\/www.elamazonico.com\/portal\/?p=4237"},"modified":"2022-06-16T06:04:48","modified_gmt":"2022-06-16T11:04:48","slug":"gobierno-aceptara-mediacion-para-dialogar-con-la-conaie","status":"publish","type":"post","link":"https:\/\/www.elamazonico.com\/portal\/gobierno-aceptara-mediacion-para-dialogar-con-la-conaie\/","title":{"rendered":"Gobierno aceptar\u00e1 mediaci\u00f3n para dialogar con la Conaie\u00a0"},"content":{"rendered":"\n<p>\u201cEl Gobierno sigue apostando al di\u00e1logo. La mayor\u00eda del pa\u00eds quiere trabajar\u201d, enfatiz\u00f3 el ministro de Gobierno, Francisco Jim\u00e9nez, en rueda de prensa.<\/p>\n\n\n\n<p>Agreg\u00f3 que se tendr\u00e1 apertura al di\u00e1logo siempre que se haga con respeto a la ley y a los procedimientos legales; y, en el marco del derecho.<\/p>\n\n\n\n<p>Comunic\u00f3 que hay voluntad y la disposici\u00f3n al di\u00e1logo; \u201cno tenemos inconveniente en sentarnos a dialogar de forma directa o mediada por terceros, para que sea imparcial. Queremos soluciones para todos los ecuatorianos\u201d.<\/p>\n\n\n\n<p>Resalt\u00f3 que el Gobierno no tiene una agenda oculta, \u201ctenemos una agenda que representa a un Gobierno democr\u00e1ticamente electo y que est\u00e1 enfocada en la reactivaci\u00f3n econ\u00f3mica.<\/p>\n\n\n\n<p>En una breve rueda de prensa en Carondelet, Jim\u00e9nez resalt\u00f3 que \u201cel n\u00famero de eventos (manifestaciones) se ha reducido dr\u00e1sticamente. Tambi\u00e9n nos alegra ver que no ha habido desmanes ni actos vand\u00e1licos que lamentar el d\u00eda de hoy, tal vez uno u otro por all\u00ed, pero la beligerancia de los grupos tambi\u00e9n ha disminuido. Son buenas noticias. Hoy ha sido un buen d\u00eda\u201d.<\/p>\n\n\n\n<p>Jim\u00e9nez no precis\u00f3 cu\u00e1ntas personas permanecen detenidas por las protestas, pues dijo que esa informaci\u00f3n la maneja el Ministerio del Interior. (I)<\/p>\n\n\n\n<p>Ecuadorenvivo<\/p>\n\n\n\n<p><\/p>\n","protected":false},"excerpt":{"rendered":"<p>\u201cEl Gobierno sigue apostando al di\u00e1logo. La mayor\u00eda del pa\u00eds quiere trabajar\u201d, enfatiz\u00f3 el ministro de Gobierno, Francisco Jim\u00e9nez, en rueda de prensa. Agreg\u00f3 que se tendr\u00e1 apertura al di\u00e1logo siempre que se haga con respeto a la ley y a los procedimientos legales; y, en el marco del derecho. Comunic\u00f3 que hay voluntad y la disposici\u00f3n al di\u00e1logo; \u201cno tenemos inconveniente en sentarnos a dialogar de forma directa o mediada por terceros, para que sea imparcial. Queremos soluciones para todos los ecuatorianos\u201d. Resalt\u00f3 que el Gobierno no tiene una agenda oculta, \u201ctenemos una agenda que representa a un Gobierno democr\u00e1ticamente electo y que est\u00e1 enfocada en la reactivaci\u00f3n econ\u00f3mica. En una breve rueda de prensa en Carondelet, Jim\u00e9nez resalt\u00f3 que \u201cel n\u00famero de eventos (manifestaciones) se ha reducido dr\u00e1sticamente. Tambi\u00e9n nos alegra ver que no ha habido desmanes ni actos vand\u00e1licos que lamentar el d\u00eda de hoy, tal vez uno u otro por all\u00ed, pero la beligerancia de los grupos tambi\u00e9n ha disminuido. Son buenas noticias. Hoy ha sido un buen d\u00eda\u201d. Jim\u00e9nez no precis\u00f3 cu\u00e1ntas personas permanecen detenidas por las protestas, pues dijo que esa informaci\u00f3n la maneja el Ministerio del Interior. (I) Ecuadorenvivo<\/p>\n","protected":false},"author":1,"featured_media":4238,"comment_status":"open","ping_status":"open","sticky":false,"template":"","format":"standard","meta":{"footnotes":""},"categories":[268],"tags":[],"class_list":["post-4237","post","type-post","status-publish","format-standard","has-post-thumbnail","hentry","category-nacionales"],"_links":{"self":[{"href":"https:\/\/www.elamazonico.com\/portal\/wp-json\/wp\/v2\/posts\/4237","targetHints":{"allow":["GET"]}}],"collection":[{"href":"https:\/\/www.elamazonico.com\/portal\/wp-json\/wp\/v2\/posts"}],"about":[{"href":"https:\/\/www.elamazonico.com\/portal\/wp-json\/wp\/v2\/types\/post"}],"author":[{"embeddable":true,"href":"https:\/\/www.elamazonico.com\/portal\/wp-json\/wp\/v2\/users\/1"}],"replies":[{"embeddable":true,"href":"https:\/\/www.elamazonico.com\/portal\/wp-json\/wp\/v2\/comments?post=4237"}],"version-history":[{"count":1,"href":"https:\/\/www.elamazonico.com\/portal\/wp-json\/wp\/v2\/posts\/4237\/revisions"}],"predecessor-version":[{"id":4239,"href":"https:\/\/www.elamazonico.com\/portal\/wp-json\/wp\/v2\/posts\/4237\/revisions\/4239"}],"wp:featuredmedia":[{"embeddable":true,"href":"https:\/\/www.elamazonico.com\/portal\/wp-json\/wp\/v2\/media\/4238"}],"wp:attachment":[{"href":"https:\/\/www.elamazonico.com\/portal\/wp-json\/wp\/v2\/media?parent=4237"}],"wp:term":[{"taxonomy":"category","embeddable":true,"href":"https:\/\/www.elamazonico.com\/portal\/wp-json\/wp\/v2\/categories?post=4237"},{"taxonomy":"post_tag","embeddable":true,"href":"https:\/\/www.elamazonico.com\/portal\/wp-json\/wp\/v2\/tags?post=4237"}],"curies":[{"name":"wp","href":"https:\/\/api.w.org\/{rel}","templated":true}]}}