{"id":4234,"date":"2022-06-15T12:31:35","date_gmt":"2022-06-15T17:31:35","guid":{"rendered":"https:\/\/www.elamazonico.com\/portal\/?p=4234"},"modified":"2022-06-15T12:31:48","modified_gmt":"2022-06-15T17:31:48","slug":"gobierno-responde-ante-audio-que-se-toma-el-nombre-del-presidente-lasso","status":"publish","type":"post","link":"https:\/\/www.elamazonico.com\/portal\/gobierno-responde-ante-audio-que-se-toma-el-nombre-del-presidente-lasso\/","title":{"rendered":"Gobierno responde ante audio que se toma el nombre del presidente Lasso"},"content":{"rendered":"\n<p>El Gobierno Nacional se pronunci\u00f3 la ma\u00f1ana de este mi\u00e9rcoles 15 de junio del 2022, luego del audio que circul\u00f3 en un medio de comunicaci\u00f3n digital y en el que se relacionaba al presidente Guillermo Lasso con un supuesto inter\u00e9s para que la justicia evitara la destituci\u00f3n de Guadalupe Llori como titular de la Asamblea Nacional.<\/p>\n\n\n\n<p>A trav\u00e9s de un comunicado de prensa, el Gobierno rechaz\u00f3 las afirmaciones vertidas sobre que el Primer Mandatario buscara \u201cinfluir en una decisi\u00f3n judicial\u201d, como se escucha hablar al vocal del Consejo de la Judicatura, Juan Jos\u00e9 Morillo, en conversaci\u00f3n con la vocal Maribel Barreno y el juez Gustavo Osejo.<\/p>\n\n\n\n<figure class=\"wp-block-embed is-type-video is-provider-youtube wp-block-embed-youtube wp-embed-aspect-16-9 wp-has-aspect-ratio\"><div class=\"wp-block-embed__wrapper\">\n<iframe title=\"El milagro para Llori\" width=\"740\" height=\"416\" src=\"https:\/\/www.youtube.com\/embed\/ON3aAKxMySw?feature=oembed\" frameborder=\"0\" allow=\"accelerometer; autoplay; clipboard-write; encrypted-media; gyroscope; picture-in-picture\" allowfullscreen><\/iframe>\n<\/div><\/figure>\n\n\n\n<p>\u201cEl Presidente de la Rep\u00fablica no ha hablado ni hablar\u00e1 con ning\u00fan funcionario del Consejo de la Judicatura&nbsp; sobre este ni ning\u00fan proceso judicial\u201d, aclar\u00f3 el Gobierno. El hecho en menci\u00f3n es a la comisi\u00f3n multipartidista que se conform\u00f3 en la Asamblea Nacional para tramitar la denuncia presentada por el legislador Esteban Torres y que finalmente recomend\u00f3 al Pleno destituir a Llori como Presidenta, lo cual ocurri\u00f3.<\/p>\n\n\n\n<p>En el audio se escuchaba a Morillo pedirle al juez Osejo que revisara lo que suced\u00eda en el Parlamento para que se analizara y resolviera \u201cen el menor tiempo posible\u201d la supuesta inquietud de Lasso de que hab\u00eda un intento de \u201ctomarse el poder Legislativo de una manera arbitraria\u201d.<\/p>\n\n\n\n<figure class=\"wp-block-embed is-type-rich is-provider-twitter wp-block-embed-twitter\"><div class=\"wp-block-embed__wrapper\">\n<blockquote class=\"twitter-tweet\" data-width=\"550\" data-dnt=\"true\"><p lang=\"es\" dir=\"ltr\">COMUNICADO| Sobre el audio que circula en medios y redes sociales, el Gobierno rechaza categ\u00f3ricamente las declaraciones que toman el nombre del Pdte. Guillermo Lasso.<br><br>Presionar a las autoridades no es compatible con los valores democr\u00e1ticos y el Estado de Derecho. <a href=\"https:\/\/t.co\/FlWJDzoNnh\">pic.twitter.com\/FlWJDzoNnh<\/a><\/p>&mdash; Ministerio de Gobierno Ecuador (@MinGobiernoEc) <a href=\"https:\/\/twitter.com\/MinGobiernoEc\/status\/1537098703156170759?ref_src=twsrc%5Etfw\">June 15, 2022<\/a><\/blockquote><script async src=\"https:\/\/platform.twitter.com\/widgets.js\" charset=\"utf-8\"><\/script>\n<\/div><\/figure>\n\n\n\n<p>Desde el Ejecutivo se agreg\u00f3 que los valores democr\u00e1ticos de la actual administraci\u00f3n no son compatibles con \u201cpresionar a las autoridades de otros poderes del Estado\u201d. Fuente: El Tel\u00e9grafo<\/p>\n","protected":false},"excerpt":{"rendered":"<p>El Gobierno Nacional se pronunci\u00f3 la ma\u00f1ana de este mi\u00e9rcoles 15 de junio del 2022, luego del audio que circul\u00f3 en un medio de comunicaci\u00f3n digital y en el que se relacionaba al presidente Guillermo Lasso con un supuesto inter\u00e9s para que la justicia evitara la destituci\u00f3n de Guadalupe Llori como titular de la Asamblea Nacional. A trav\u00e9s de un comunicado de prensa, el Gobierno rechaz\u00f3 las afirmaciones vertidas sobre que el Primer Mandatario buscara \u201cinfluir en una decisi\u00f3n judicial\u201d, como se escucha hablar al vocal del Consejo de la Judicatura, Juan Jos\u00e9 Morillo, en conversaci\u00f3n con la vocal Maribel Barreno y el juez Gustavo Osejo. \u201cEl Presidente de la Rep\u00fablica no ha hablado ni hablar\u00e1 con ning\u00fan funcionario del Consejo de la Judicatura&nbsp; sobre este ni ning\u00fan proceso judicial\u201d, aclar\u00f3 el Gobierno. El hecho en menci\u00f3n es a la comisi\u00f3n multipartidista que se conform\u00f3 en la Asamblea Nacional para tramitar la denuncia presentada por el legislador Esteban Torres y que finalmente recomend\u00f3 al Pleno destituir a Llori como Presidenta, lo cual ocurri\u00f3. En el audio se escuchaba a Morillo pedirle al juez Osejo que revisara lo que suced\u00eda en el Parlamento para que se analizara y resolviera \u201cen el menor tiempo posible\u201d la supuesta inquietud de Lasso de que hab\u00eda un intento de \u201ctomarse el poder Legislativo de una manera arbitraria\u201d. Desde el Ejecutivo se agreg\u00f3 que los valores democr\u00e1ticos de la actual administraci\u00f3n no son compatibles con \u201cpresionar a las autoridades de otros poderes del Estado\u201d. Fuente: El Tel\u00e9grafo<\/p>\n","protected":false},"author":1,"featured_media":4235,"comment_status":"open","ping_status":"open","sticky":false,"template":"","format":"standard","meta":{"footnotes":""},"categories":[268],"tags":[],"class_list":["post-4234","post","type-post","status-publish","format-standard","has-post-thumbnail","hentry","category-nacionales"],"_links":{"self":[{"href":"https:\/\/www.elamazonico.com\/portal\/wp-json\/wp\/v2\/posts\/4234","targetHints":{"allow":["GET"]}}],"collection":[{"href":"https:\/\/www.elamazonico.com\/portal\/wp-json\/wp\/v2\/posts"}],"about":[{"href":"https:\/\/www.elamazonico.com\/portal\/wp-json\/wp\/v2\/types\/post"}],"author":[{"embeddable":true,"href":"https:\/\/www.elamazonico.com\/portal\/wp-json\/wp\/v2\/users\/1"}],"replies":[{"embeddable":true,"href":"https:\/\/www.elamazonico.com\/portal\/wp-json\/wp\/v2\/comments?post=4234"}],"version-history":[{"count":1,"href":"https:\/\/www.elamazonico.com\/portal\/wp-json\/wp\/v2\/posts\/4234\/revisions"}],"predecessor-version":[{"id":4236,"href":"https:\/\/www.elamazonico.com\/portal\/wp-json\/wp\/v2\/posts\/4234\/revisions\/4236"}],"wp:featuredmedia":[{"embeddable":true,"href":"https:\/\/www.elamazonico.com\/portal\/wp-json\/wp\/v2\/media\/4235"}],"wp:attachment":[{"href":"https:\/\/www.elamazonico.com\/portal\/wp-json\/wp\/v2\/media?parent=4234"}],"wp:term":[{"taxonomy":"category","embeddable":true,"href":"https:\/\/www.elamazonico.com\/portal\/wp-json\/wp\/v2\/categories?post=4234"},{"taxonomy":"post_tag","embeddable":true,"href":"https:\/\/www.elamazonico.com\/portal\/wp-json\/wp\/v2\/tags?post=4234"}],"curies":[{"name":"wp","href":"https:\/\/api.w.org\/{rel}","templated":true}]}}