{"id":4231,"date":"2022-06-15T12:24:55","date_gmt":"2022-06-15T17:24:55","guid":{"rendered":"https:\/\/www.elamazonico.com\/portal\/?p=4231"},"modified":"2022-06-15T12:24:59","modified_gmt":"2022-06-15T17:24:59","slug":"diego-ordonez-hablo-sobre-leonidas-iza-y-las-manifestaciones%ef%bf%bc","status":"publish","type":"post","link":"https:\/\/www.elamazonico.com\/portal\/diego-ordonez-hablo-sobre-leonidas-iza-y-las-manifestaciones%ef%bf%bc\/","title":{"rendered":"Diego Ord\u00f3\u00f1ez habl\u00f3 sobre Leonidas Iza y las manifestaciones\ufffc"},"content":{"rendered":"\n<p>Diego Ord\u00f3\u00f1ez, consejero presidencial, ofreci\u00f3 una entrevista en Ecuavisa en la que se refiri\u00f3 sobre la decisi\u00f3n judicial de liberar a Leonidas Iza, l\u00edder ind\u00edgena.<\/p>\n\n\n\n<p>La madrugada del 15 de junio de 2022, una jueza decidi\u00f3 otorgar medidas sustitutivas a Iza, quien fue detenido en la localidad de Pastocalle, Cotopaxi, y posteriormente puesto a \u00f3rdenes de la Fiscal\u00eda y el brazo judicial.<\/p>\n\n\n\n<p>Las medidas sustitutivas a favor de Iza, contemplan la presentaci\u00f3n peri\u00f3dica ante las autoridades y el impedimento de salir del pa\u00eds.<\/p>\n\n\n\n<p>\u201cCorresponde respetar la decisi\u00f3n de la jueza\u201d, dijo Ord\u00f3\u00f1ez quien resalt\u00f3 el hecho de que \u201chay una causa, hay un hecho imputable, hay un delito por el cual se va a juzgar a Iza, y el hecho de que la jueza haya concedido medidas alternativas no quiere decir que es inocente\u201d, se\u00f1al\u00f3.<\/p>\n\n\n\n<p>La Conaie present\u00f3 una lista de diez requerimientos que, seg\u00fan el grupo social y pol\u00edtico, deben ser atendidos por parte del Gobierno Central para que se levanten las medidas de hecho tomadas.<\/p>\n\n\n\n<p>Con respecto a estas peticiones, Diego Ord\u00f3\u00f1ez dijo que \u201cLos problemas del pa\u00eds no se reducen a diez, son muchos m\u00e1s. La pregunta es c\u00f3mo los queremos resolver, cerrando v\u00edas o buscando alternativas\u201d. Luego agreg\u00f3 que \u201cEn esos pedidos no constan temas que interesan al pueblo ind\u00edgena como aquel tan cr\u00edtico que tiene que ver con la desnutrici\u00f3n infantil, con temas de educaci\u00f3n, con temas de vialidad. Lo que se plantean son temas pol\u00edticos\u201d.<\/p>\n\n\n\n<p>Ordo\u00f1ez resalt\u00f3 el tema de los combustibles y el subsidio. \u201cEse dinero que pagamos en subsidiar a los que pueden pagar debe dedicarse a subsidiar a aquellos que no pueden pagar salud y educaci\u00f3n, a hacer programas de desnutrici\u00f3n infantil, que deber\u00edan estar en la agenda del se\u00f1or Iza\u201d.<\/p>\n\n\n\n<p>Adem\u00e1s, Ordo\u00f1ez reiter\u00f3 que el Gobierno est\u00e1 dispuesto al di\u00e1logo. \u201cSi el se\u00f1or Iza dice no quiere dialogar y violenta la Ley, no hay espacio de di\u00e1logo\u201d, dijo el funcionario. \u201cNo se puede sentar con una persona que dice que no quiere conversar y que provoca estos actos de vandalismo\u201d, se\u00f1al\u00f3 el Consejero Presidencial. <strong>Fuente: El Tel\u00e9grafo <\/strong><\/p>\n\n\n\n<figure class=\"wp-block-embed is-type-video is-provider-youtube wp-block-embed-youtube wp-embed-aspect-4-3 wp-has-aspect-ratio\"><div class=\"wp-block-embed__wrapper\">\n<iframe title=\"Ecuavisa entrevista Ord\u00f3\u00f1ez 15 06\" width=\"740\" height=\"555\" src=\"https:\/\/www.youtube.com\/embed\/yWs1oOI1f7o?feature=oembed\" frameborder=\"0\" allow=\"accelerometer; autoplay; clipboard-write; encrypted-media; gyroscope; picture-in-picture\" allowfullscreen><\/iframe>\n<\/div><\/figure>\n","protected":false},"excerpt":{"rendered":"<p>Diego Ord\u00f3\u00f1ez, consejero presidencial, ofreci\u00f3 una entrevista en Ecuavisa en la que se refiri\u00f3 sobre la decisi\u00f3n judicial de liberar a Leonidas Iza, l\u00edder ind\u00edgena. La madrugada del 15 de junio de 2022, una jueza decidi\u00f3 otorgar medidas sustitutivas a Iza, quien fue detenido en la localidad de Pastocalle, Cotopaxi, y posteriormente puesto a \u00f3rdenes de la Fiscal\u00eda y el brazo judicial. Las medidas sustitutivas a favor de Iza, contemplan la presentaci\u00f3n peri\u00f3dica ante las autoridades y el impedimento de salir del pa\u00eds. \u201cCorresponde respetar la decisi\u00f3n de la jueza\u201d, dijo Ord\u00f3\u00f1ez quien resalt\u00f3 el hecho de que \u201chay una causa, hay un hecho imputable, hay un delito por el cual se va a juzgar a Iza, y el hecho de que la jueza haya concedido medidas alternativas no quiere decir que es inocente\u201d, se\u00f1al\u00f3. La Conaie present\u00f3 una lista de diez requerimientos que, seg\u00fan el grupo social y pol\u00edtico, deben ser atendidos por parte del Gobierno Central para que se levanten las medidas de hecho tomadas. Con respecto a estas peticiones, Diego Ord\u00f3\u00f1ez dijo que \u201cLos problemas del pa\u00eds no se reducen a diez, son muchos m\u00e1s. La pregunta es c\u00f3mo los queremos resolver, cerrando v\u00edas o buscando alternativas\u201d. Luego agreg\u00f3 que \u201cEn esos pedidos no constan temas que interesan al pueblo ind\u00edgena como aquel tan cr\u00edtico que tiene que ver con la desnutrici\u00f3n infantil, con temas de educaci\u00f3n, con temas de vialidad. Lo que se plantean son temas pol\u00edticos\u201d. Ordo\u00f1ez resalt\u00f3 el tema de los combustibles y el subsidio. \u201cEse dinero que pagamos en subsidiar a los que pueden pagar debe dedicarse a subsidiar a aquellos que no pueden pagar salud y educaci\u00f3n, a hacer programas de desnutrici\u00f3n infantil, que deber\u00edan estar en la agenda del se\u00f1or Iza\u201d. Adem\u00e1s, Ordo\u00f1ez reiter\u00f3 que el Gobierno est\u00e1 dispuesto al di\u00e1logo. \u201cSi el se\u00f1or Iza dice no quiere dialogar y violenta la Ley, no hay espacio de di\u00e1logo\u201d, dijo el funcionario. \u201cNo se puede sentar con una persona que dice que no quiere conversar y que provoca estos actos de vandalismo\u201d, se\u00f1al\u00f3 el Consejero Presidencial. Fuente: El Tel\u00e9grafo<\/p>\n","protected":false},"author":1,"featured_media":4232,"comment_status":"open","ping_status":"open","sticky":false,"template":"","format":"standard","meta":{"footnotes":""},"categories":[268],"tags":[],"class_list":["post-4231","post","type-post","status-publish","format-standard","has-post-thumbnail","hentry","category-nacionales"],"_links":{"self":[{"href":"https:\/\/www.elamazonico.com\/portal\/wp-json\/wp\/v2\/posts\/4231","targetHints":{"allow":["GET"]}}],"collection":[{"href":"https:\/\/www.elamazonico.com\/portal\/wp-json\/wp\/v2\/posts"}],"about":[{"href":"https:\/\/www.elamazonico.com\/portal\/wp-json\/wp\/v2\/types\/post"}],"author":[{"embeddable":true,"href":"https:\/\/www.elamazonico.com\/portal\/wp-json\/wp\/v2\/users\/1"}],"replies":[{"embeddable":true,"href":"https:\/\/www.elamazonico.com\/portal\/wp-json\/wp\/v2\/comments?post=4231"}],"version-history":[{"count":1,"href":"https:\/\/www.elamazonico.com\/portal\/wp-json\/wp\/v2\/posts\/4231\/revisions"}],"predecessor-version":[{"id":4233,"href":"https:\/\/www.elamazonico.com\/portal\/wp-json\/wp\/v2\/posts\/4231\/revisions\/4233"}],"wp:featuredmedia":[{"embeddable":true,"href":"https:\/\/www.elamazonico.com\/portal\/wp-json\/wp\/v2\/media\/4232"}],"wp:attachment":[{"href":"https:\/\/www.elamazonico.com\/portal\/wp-json\/wp\/v2\/media?parent=4231"}],"wp:term":[{"taxonomy":"category","embeddable":true,"href":"https:\/\/www.elamazonico.com\/portal\/wp-json\/wp\/v2\/categories?post=4231"},{"taxonomy":"post_tag","embeddable":true,"href":"https:\/\/www.elamazonico.com\/portal\/wp-json\/wp\/v2\/tags?post=4231"}],"curies":[{"name":"wp","href":"https:\/\/api.w.org\/{rel}","templated":true}]}}