{"id":4228,"date":"2022-06-15T05:58:46","date_gmt":"2022-06-15T10:58:46","guid":{"rendered":"https:\/\/www.elamazonico.com\/portal\/?p=4228"},"modified":"2022-06-15T05:58:51","modified_gmt":"2022-06-15T10:58:51","slug":"ministerio-de-educacion-confirmo-suspension-de-clases-presenciales-en-diferentes-cantones%ef%bf%bc","status":"publish","type":"post","link":"https:\/\/www.elamazonico.com\/portal\/ministerio-de-educacion-confirmo-suspension-de-clases-presenciales-en-diferentes-cantones%ef%bf%bc\/","title":{"rendered":"Ministerio de Educaci\u00f3n confirm\u00f3 suspensi\u00f3n de clases presenciales en diferentes cantones\ufffc"},"content":{"rendered":"\n<p>El Ministerio de Educaci\u00f3n decidi\u00f3 la suspensi\u00f3n de clases presenciales en Quito y varios cantones de otras provincias,&nbsp;con el&nbsp;prop\u00f3sito de salvaguardar la integridad de estudiantes&nbsp;ante el posible incremento de las protestas en la urbe. As\u00ed lo confirm\u00f3 la noche del martes 14 de junio del 2022.<\/p>\n\n\n\n<p>La aplicaci\u00f3n de la medida ser\u00e1 el mi\u00e9rcoles 15 de junio. Las clases se realizar\u00e1n de manera virtual y la cartera de Estado realizar\u00e1 evaluaciones permanentes para modificar la lista de colegios que ingresar\u00e1n en esta modalidad.<\/p>\n\n\n\n<p>\u00abLas clases se interrumpir\u00e1n de forma presencial hasta que las condiciones sean id\u00f3neas para el retorno de los estudiantes a las aulas\u00bb, precis\u00f3 el Ministerio.&nbsp;<\/p>\n\n\n\n<p>A trav\u00e9s de un bolet\u00edn, el Ministerio precis\u00f3 que del total nacional, el 3.56% de los colegios han sido afectados por las manifestaciones, \u00abperjudicando el 3,26% de los alumnos que no llegaron a sus colegios\u00bb. (I)<\/p>\n\n\n\n<p>El Tel\u00e9grafo<\/p>\n","protected":false},"excerpt":{"rendered":"<p>El Ministerio de Educaci\u00f3n decidi\u00f3 la suspensi\u00f3n de clases presenciales en Quito y varios cantones de otras provincias,&nbsp;con el&nbsp;prop\u00f3sito de salvaguardar la integridad de estudiantes&nbsp;ante el posible incremento de las protestas en la urbe. As\u00ed lo confirm\u00f3 la noche del martes 14 de junio del 2022. La aplicaci\u00f3n de la medida ser\u00e1 el mi\u00e9rcoles 15 de junio. Las clases se realizar\u00e1n de manera virtual y la cartera de Estado realizar\u00e1 evaluaciones permanentes para modificar la lista de colegios que ingresar\u00e1n en esta modalidad. \u00abLas clases se interrumpir\u00e1n de forma presencial hasta que las condiciones sean id\u00f3neas para el retorno de los estudiantes a las aulas\u00bb, precis\u00f3 el Ministerio.&nbsp; A trav\u00e9s de un bolet\u00edn, el Ministerio precis\u00f3 que del total nacional, el 3.56% de los colegios han sido afectados por las manifestaciones, \u00abperjudicando el 3,26% de los alumnos que no llegaron a sus colegios\u00bb. (I) El Tel\u00e9grafo<\/p>\n","protected":false},"author":1,"featured_media":4229,"comment_status":"open","ping_status":"open","sticky":false,"template":"","format":"standard","meta":{"footnotes":""},"categories":[268],"tags":[],"class_list":["post-4228","post","type-post","status-publish","format-standard","has-post-thumbnail","hentry","category-nacionales"],"_links":{"self":[{"href":"https:\/\/www.elamazonico.com\/portal\/wp-json\/wp\/v2\/posts\/4228","targetHints":{"allow":["GET"]}}],"collection":[{"href":"https:\/\/www.elamazonico.com\/portal\/wp-json\/wp\/v2\/posts"}],"about":[{"href":"https:\/\/www.elamazonico.com\/portal\/wp-json\/wp\/v2\/types\/post"}],"author":[{"embeddable":true,"href":"https:\/\/www.elamazonico.com\/portal\/wp-json\/wp\/v2\/users\/1"}],"replies":[{"embeddable":true,"href":"https:\/\/www.elamazonico.com\/portal\/wp-json\/wp\/v2\/comments?post=4228"}],"version-history":[{"count":1,"href":"https:\/\/www.elamazonico.com\/portal\/wp-json\/wp\/v2\/posts\/4228\/revisions"}],"predecessor-version":[{"id":4230,"href":"https:\/\/www.elamazonico.com\/portal\/wp-json\/wp\/v2\/posts\/4228\/revisions\/4230"}],"wp:featuredmedia":[{"embeddable":true,"href":"https:\/\/www.elamazonico.com\/portal\/wp-json\/wp\/v2\/media\/4229"}],"wp:attachment":[{"href":"https:\/\/www.elamazonico.com\/portal\/wp-json\/wp\/v2\/media?parent=4228"}],"wp:term":[{"taxonomy":"category","embeddable":true,"href":"https:\/\/www.elamazonico.com\/portal\/wp-json\/wp\/v2\/categories?post=4228"},{"taxonomy":"post_tag","embeddable":true,"href":"https:\/\/www.elamazonico.com\/portal\/wp-json\/wp\/v2\/tags?post=4228"}],"curies":[{"name":"wp","href":"https:\/\/api.w.org\/{rel}","templated":true}]}}