{"id":4222,"date":"2022-06-15T05:53:00","date_gmt":"2022-06-15T10:53:00","guid":{"rendered":"https:\/\/www.elamazonico.com\/portal\/?p=4222"},"modified":"2022-06-15T05:53:06","modified_gmt":"2022-06-15T10:53:06","slug":"audiencia-de-habeas-corpus-de-jorge-glas-se-suspende-por-amenaza-de-bomba","status":"publish","type":"post","link":"https:\/\/www.elamazonico.com\/portal\/audiencia-de-habeas-corpus-de-jorge-glas-se-suspende-por-amenaza-de-bomba\/","title":{"rendered":"Audiencia de habeas corpus de Jorge Glas se suspende por amenaza de bomba"},"content":{"rendered":"\n<p>La audiencia para resolver un nuevo pedido de habeas corpus del exvicepresidente Jorge Glas se instal\u00f3 en el Complejo Judicial Norte de Quito pasado el mediod\u00eda de hoy, una vez que en la ma\u00f1ana se registr\u00f3 una amenaza de bomba y el personal de edificio fue evacuado.<\/p>\n\n\n\n<p>El abogado Edison Loaiza, representante de Nicole Malv\u00e9, la ciudadana que plante\u00f3 la demanda de habeas corpus a favor de Glas, indic\u00f3 que el prop\u00f3sito es que el exvicepresidente cumpla sus condenas por cohecho y asociaci\u00f3n il\u00edcita en libertad.<\/p>\n\n\n\n<p>\u201cSe busca proteger su vida, \u00e9l se encuentra con un grave estado de salud y ha sufrido m\u00faltiples atentados dentro de la c\u00e1rcel\u201d, refiri\u00f3. El tercer testigo de Glas empezaba a hablar cuando lleg\u00f3 la segunda amenaza de bomba del d\u00eda en el Complejo Judicial Norte.<\/p>\n\n\n\n<p>La jueza Soledad Manosalvas decidi\u00f3 suspender la diligencia, poco antes de las 14h00, y dijo que convocar\u00eda lo m\u00e1s pronto posible a una audiencia, pero que esta vez ser\u00eda v\u00eda telem\u00e1tica y ya no presencial.<\/p>\n\n\n\n<p>Uno de los abogados del exvicepresidente indic\u00f3 que a\u00fan no le han notificado de la nueva hora para reinstalar la audiencia, pero que hoy ya no se dar\u00eda. \u201cQuiz\u00e1 en las pr\u00f3ximas horas se emita una providencia y se defina para ma\u00f1ana o alg\u00fan otro d\u00eda cercano\u201d, se\u00f1al\u00f3. (I)<\/p>\n\n\n\n<p>Ecuadorenvivo<\/p>\n","protected":false},"excerpt":{"rendered":"<p>La audiencia para resolver un nuevo pedido de habeas corpus del exvicepresidente Jorge Glas se instal\u00f3 en el Complejo Judicial Norte de Quito pasado el mediod\u00eda de hoy, una vez que en la ma\u00f1ana se registr\u00f3 una amenaza de bomba y el personal de edificio fue evacuado. El abogado Edison Loaiza, representante de Nicole Malv\u00e9, la ciudadana que plante\u00f3 la demanda de habeas corpus a favor de Glas, indic\u00f3 que el prop\u00f3sito es que el exvicepresidente cumpla sus condenas por cohecho y asociaci\u00f3n il\u00edcita en libertad. \u201cSe busca proteger su vida, \u00e9l se encuentra con un grave estado de salud y ha sufrido m\u00faltiples atentados dentro de la c\u00e1rcel\u201d, refiri\u00f3. El tercer testigo de Glas empezaba a hablar cuando lleg\u00f3 la segunda amenaza de bomba del d\u00eda en el Complejo Judicial Norte. La jueza Soledad Manosalvas decidi\u00f3 suspender la diligencia, poco antes de las 14h00, y dijo que convocar\u00eda lo m\u00e1s pronto posible a una audiencia, pero que esta vez ser\u00eda v\u00eda telem\u00e1tica y ya no presencial. Uno de los abogados del exvicepresidente indic\u00f3 que a\u00fan no le han notificado de la nueva hora para reinstalar la audiencia, pero que hoy ya no se dar\u00eda. \u201cQuiz\u00e1 en las pr\u00f3ximas horas se emita una providencia y se defina para ma\u00f1ana o alg\u00fan otro d\u00eda cercano\u201d, se\u00f1al\u00f3. (I) Ecuadorenvivo<\/p>\n","protected":false},"author":1,"featured_media":4223,"comment_status":"open","ping_status":"open","sticky":false,"template":"","format":"standard","meta":{"footnotes":""},"categories":[268],"tags":[],"class_list":["post-4222","post","type-post","status-publish","format-standard","has-post-thumbnail","hentry","category-nacionales"],"_links":{"self":[{"href":"https:\/\/www.elamazonico.com\/portal\/wp-json\/wp\/v2\/posts\/4222","targetHints":{"allow":["GET"]}}],"collection":[{"href":"https:\/\/www.elamazonico.com\/portal\/wp-json\/wp\/v2\/posts"}],"about":[{"href":"https:\/\/www.elamazonico.com\/portal\/wp-json\/wp\/v2\/types\/post"}],"author":[{"embeddable":true,"href":"https:\/\/www.elamazonico.com\/portal\/wp-json\/wp\/v2\/users\/1"}],"replies":[{"embeddable":true,"href":"https:\/\/www.elamazonico.com\/portal\/wp-json\/wp\/v2\/comments?post=4222"}],"version-history":[{"count":1,"href":"https:\/\/www.elamazonico.com\/portal\/wp-json\/wp\/v2\/posts\/4222\/revisions"}],"predecessor-version":[{"id":4224,"href":"https:\/\/www.elamazonico.com\/portal\/wp-json\/wp\/v2\/posts\/4222\/revisions\/4224"}],"wp:featuredmedia":[{"embeddable":true,"href":"https:\/\/www.elamazonico.com\/portal\/wp-json\/wp\/v2\/media\/4223"}],"wp:attachment":[{"href":"https:\/\/www.elamazonico.com\/portal\/wp-json\/wp\/v2\/media?parent=4222"}],"wp:term":[{"taxonomy":"category","embeddable":true,"href":"https:\/\/www.elamazonico.com\/portal\/wp-json\/wp\/v2\/categories?post=4222"},{"taxonomy":"post_tag","embeddable":true,"href":"https:\/\/www.elamazonico.com\/portal\/wp-json\/wp\/v2\/tags?post=4222"}],"curies":[{"name":"wp","href":"https:\/\/api.w.org\/{rel}","templated":true}]}}