{"id":4219,"date":"2022-06-15T05:50:55","date_gmt":"2022-06-15T10:50:55","guid":{"rendered":"https:\/\/www.elamazonico.com\/portal\/?p=4219"},"modified":"2022-06-15T05:51:01","modified_gmt":"2022-06-15T10:51:01","slug":"leonidas-iza-es-llamado-a-juicio-por-presunto-delito-de-paralizacion-de-un-servicio-publico%ef%bf%bc","status":"publish","type":"post","link":"https:\/\/www.elamazonico.com\/portal\/leonidas-iza-es-llamado-a-juicio-por-presunto-delito-de-paralizacion-de-un-servicio-publico%ef%bf%bc\/","title":{"rendered":"Leonidas Iza es llamado a juicio por presunto delito de paralizaci\u00f3n de un servicio p\u00fablico\ufffc"},"content":{"rendered":"\n<p>El pr\u00f3ximo lunes, 4 de julio del 2022, se llevar\u00e1 a cabo el juicio en contra del presidente de la Confederaci\u00f3n de Nacionalidades Ind\u00edgenas del Ecuador (Conaie), Leonidas Iza por el presunto delito de paralizaci\u00f3n de un servicio p\u00fablico tipificado en el art. 346 del COIP, en calidad de autor mediato. La diligencia ser\u00e1 presencial.<\/p>\n\n\n\n<p>Tras declarar que la detenci\u00f3n de Iza fue legal y en flagrancia, la jueza de la Unidad Penal de Latacunga, Paola Bed\u00f3n, dict\u00f3 medidas alternativas en contra del dirigente ind\u00edgena y estableci\u00f3 la presentaci\u00f3n peri\u00f3dica ante la autoridad los d\u00edas mi\u00e9rcoles y viernes en horarios laborales y la prohibici\u00f3n de salida del pa\u00eds.<\/p>\n\n\n\n<p>Esta decisi\u00f3n la tom\u00f3 la jueza Bed\u00f3n tras la audiencia de flagrancia en contra del dirigente ind\u00edgena detenido la madrugada de este martes, 14 de junio de 2022. La Fiscal\u00eda, en principio pidi\u00f3 la prisi\u00f3n preventiva en contra de Iza, no obstante, reformul\u00f3 su solicitud tras la intervenci\u00f3n de la defensa del detenido que indic\u00f3 seg\u00fan jurisprudencia de la Corte Constitucional, no es posible dictar medidas privativas de libertad en contra de personas ind\u00edgenas.<\/p>\n\n\n\n<p>Dentro de esta audiencia, la Fiscal\u00eda present\u00f3 los siguientes elementos de convicci\u00f3n para sustentar su acusaci\u00f3n en contra del presidente de la Conaie:<\/p>\n\n\n\n<p>1. El parte policial; 2. Las versiones de los agentes aprehensores; 3. La versi\u00f3n de Leonidas Iza; 4. La certificaci\u00f3n de que Iza se encuentra en un recinto civil; 5. El informe de reconocimiento del lugar de los hechos; 6. Versiones de agentes de polic\u00eda que habr\u00edan presenciado los hechos; 7. Pericia de extracci\u00f3n de audio, video y afines de un video proporcionado por Ecuavisa, en el que se evidenciar\u00eda la supuesta paralizaci\u00f3n del servicio p\u00fablico y la quema de llantas; 8. El informe preliminar de la Polic\u00eda Nacional, en el que se identificar\u00eda a los participantes del presunto delito.<\/p>\n\n\n\n<p>Finalmente, se dispuso la inmediata libertad de Leonidas Iza, y la respectiva emisi\u00f3n de la boleta de libertad. (I)<\/p>\n\n\n\n<p>El Tel\u00e9grafo<\/p>\n","protected":false},"excerpt":{"rendered":"<p>El pr\u00f3ximo lunes, 4 de julio del 2022, se llevar\u00e1 a cabo el juicio en contra del presidente de la Confederaci\u00f3n de Nacionalidades Ind\u00edgenas del Ecuador (Conaie), Leonidas Iza por el presunto delito de paralizaci\u00f3n de un servicio p\u00fablico tipificado en el art. 346 del COIP, en calidad de autor mediato. La diligencia ser\u00e1 presencial. Tras declarar que la detenci\u00f3n de Iza fue legal y en flagrancia, la jueza de la Unidad Penal de Latacunga, Paola Bed\u00f3n, dict\u00f3 medidas alternativas en contra del dirigente ind\u00edgena y estableci\u00f3 la presentaci\u00f3n peri\u00f3dica ante la autoridad los d\u00edas mi\u00e9rcoles y viernes en horarios laborales y la prohibici\u00f3n de salida del pa\u00eds. Esta decisi\u00f3n la tom\u00f3 la jueza Bed\u00f3n tras la audiencia de flagrancia en contra del dirigente ind\u00edgena detenido la madrugada de este martes, 14 de junio de 2022. La Fiscal\u00eda, en principio pidi\u00f3 la prisi\u00f3n preventiva en contra de Iza, no obstante, reformul\u00f3 su solicitud tras la intervenci\u00f3n de la defensa del detenido que indic\u00f3 seg\u00fan jurisprudencia de la Corte Constitucional, no es posible dictar medidas privativas de libertad en contra de personas ind\u00edgenas. Dentro de esta audiencia, la Fiscal\u00eda present\u00f3 los siguientes elementos de convicci\u00f3n para sustentar su acusaci\u00f3n en contra del presidente de la Conaie: 1. El parte policial; 2. Las versiones de los agentes aprehensores; 3. La versi\u00f3n de Leonidas Iza; 4. La certificaci\u00f3n de que Iza se encuentra en un recinto civil; 5. El informe de reconocimiento del lugar de los hechos; 6. Versiones de agentes de polic\u00eda que habr\u00edan presenciado los hechos; 7. Pericia de extracci\u00f3n de audio, video y afines de un video proporcionado por Ecuavisa, en el que se evidenciar\u00eda la supuesta paralizaci\u00f3n del servicio p\u00fablico y la quema de llantas; 8. El informe preliminar de la Polic\u00eda Nacional, en el que se identificar\u00eda a los participantes del presunto delito. Finalmente, se dispuso la inmediata libertad de Leonidas Iza, y la respectiva emisi\u00f3n de la boleta de libertad. (I) El Tel\u00e9grafo<\/p>\n","protected":false},"author":1,"featured_media":4220,"comment_status":"open","ping_status":"open","sticky":false,"template":"","format":"standard","meta":{"footnotes":""},"categories":[268],"tags":[],"class_list":["post-4219","post","type-post","status-publish","format-standard","has-post-thumbnail","hentry","category-nacionales"],"_links":{"self":[{"href":"https:\/\/www.elamazonico.com\/portal\/wp-json\/wp\/v2\/posts\/4219","targetHints":{"allow":["GET"]}}],"collection":[{"href":"https:\/\/www.elamazonico.com\/portal\/wp-json\/wp\/v2\/posts"}],"about":[{"href":"https:\/\/www.elamazonico.com\/portal\/wp-json\/wp\/v2\/types\/post"}],"author":[{"embeddable":true,"href":"https:\/\/www.elamazonico.com\/portal\/wp-json\/wp\/v2\/users\/1"}],"replies":[{"embeddable":true,"href":"https:\/\/www.elamazonico.com\/portal\/wp-json\/wp\/v2\/comments?post=4219"}],"version-history":[{"count":1,"href":"https:\/\/www.elamazonico.com\/portal\/wp-json\/wp\/v2\/posts\/4219\/revisions"}],"predecessor-version":[{"id":4221,"href":"https:\/\/www.elamazonico.com\/portal\/wp-json\/wp\/v2\/posts\/4219\/revisions\/4221"}],"wp:featuredmedia":[{"embeddable":true,"href":"https:\/\/www.elamazonico.com\/portal\/wp-json\/wp\/v2\/media\/4220"}],"wp:attachment":[{"href":"https:\/\/www.elamazonico.com\/portal\/wp-json\/wp\/v2\/media?parent=4219"}],"wp:term":[{"taxonomy":"category","embeddable":true,"href":"https:\/\/www.elamazonico.com\/portal\/wp-json\/wp\/v2\/categories?post=4219"},{"taxonomy":"post_tag","embeddable":true,"href":"https:\/\/www.elamazonico.com\/portal\/wp-json\/wp\/v2\/tags?post=4219"}],"curies":[{"name":"wp","href":"https:\/\/api.w.org\/{rel}","templated":true}]}}