{"id":4216,"date":"2022-06-15T05:48:59","date_gmt":"2022-06-15T10:48:59","guid":{"rendered":"https:\/\/www.elamazonico.com\/portal\/?p=4216"},"modified":"2022-06-15T05:49:09","modified_gmt":"2022-06-15T10:49:09","slug":"organizaciones-indigenas-arriban-a-quito","status":"publish","type":"post","link":"https:\/\/www.elamazonico.com\/portal\/organizaciones-indigenas-arriban-a-quito\/","title":{"rendered":"Organizaciones ind\u00edgenas arriban a Quito\u00a0"},"content":{"rendered":"\n<p>Desde aproximadamente las 18:00 de este martes 14 de junio, por el sur de Quito, decenas de camiones y carros ingresaron a la ciudad con protestantes oriundos, especialmente, desde Cutuglagua.<\/p>\n\n\n\n<p>Los manifestantes a su llegada a Quito, exig\u00edan la libertad del presidente de la Conaie, Leonidas Iza, quien fue detenido la madrugada de este martes, y del cual se desconoc\u00eda su paradero por varias horas.<\/p>\n\n\n\n<p>Los manifestantes, mediante videos difundidos en redes sociales, tambi\u00e9n exigieron al presidente Lasso cambiar su pol\u00edtica econ\u00f3mica, argumentando que los afectaba directamente.<\/p>\n\n\n\n<p>A esta hora de la noche, las organizaciones ind\u00edgenas se concentraban en La Villaflora, para de ah\u00ed dirigirse hasta El Arbolito. Moradores del sur de la urbe, por su parte, mencionaron que debieron cerrar sus negocios para evitar cualquier desm\u00e1n. (I)<\/p>\n\n\n\n<p>Ecuadorenvivo<\/p>\n","protected":false},"excerpt":{"rendered":"<p>Desde aproximadamente las 18:00 de este martes 14 de junio, por el sur de Quito, decenas de camiones y carros ingresaron a la ciudad con protestantes oriundos, especialmente, desde Cutuglagua. Los manifestantes a su llegada a Quito, exig\u00edan la libertad del presidente de la Conaie, Leonidas Iza, quien fue detenido la madrugada de este martes, y del cual se desconoc\u00eda su paradero por varias horas. Los manifestantes, mediante videos difundidos en redes sociales, tambi\u00e9n exigieron al presidente Lasso cambiar su pol\u00edtica econ\u00f3mica, argumentando que los afectaba directamente. A esta hora de la noche, las organizaciones ind\u00edgenas se concentraban en La Villaflora, para de ah\u00ed dirigirse hasta El Arbolito. Moradores del sur de la urbe, por su parte, mencionaron que debieron cerrar sus negocios para evitar cualquier desm\u00e1n. (I) Ecuadorenvivo<\/p>\n","protected":false},"author":1,"featured_media":4217,"comment_status":"open","ping_status":"open","sticky":false,"template":"","format":"standard","meta":{"footnotes":""},"categories":[268],"tags":[],"class_list":["post-4216","post","type-post","status-publish","format-standard","has-post-thumbnail","hentry","category-nacionales"],"_links":{"self":[{"href":"https:\/\/www.elamazonico.com\/portal\/wp-json\/wp\/v2\/posts\/4216","targetHints":{"allow":["GET"]}}],"collection":[{"href":"https:\/\/www.elamazonico.com\/portal\/wp-json\/wp\/v2\/posts"}],"about":[{"href":"https:\/\/www.elamazonico.com\/portal\/wp-json\/wp\/v2\/types\/post"}],"author":[{"embeddable":true,"href":"https:\/\/www.elamazonico.com\/portal\/wp-json\/wp\/v2\/users\/1"}],"replies":[{"embeddable":true,"href":"https:\/\/www.elamazonico.com\/portal\/wp-json\/wp\/v2\/comments?post=4216"}],"version-history":[{"count":1,"href":"https:\/\/www.elamazonico.com\/portal\/wp-json\/wp\/v2\/posts\/4216\/revisions"}],"predecessor-version":[{"id":4218,"href":"https:\/\/www.elamazonico.com\/portal\/wp-json\/wp\/v2\/posts\/4216\/revisions\/4218"}],"wp:featuredmedia":[{"embeddable":true,"href":"https:\/\/www.elamazonico.com\/portal\/wp-json\/wp\/v2\/media\/4217"}],"wp:attachment":[{"href":"https:\/\/www.elamazonico.com\/portal\/wp-json\/wp\/v2\/media?parent=4216"}],"wp:term":[{"taxonomy":"category","embeddable":true,"href":"https:\/\/www.elamazonico.com\/portal\/wp-json\/wp\/v2\/categories?post=4216"},{"taxonomy":"post_tag","embeddable":true,"href":"https:\/\/www.elamazonico.com\/portal\/wp-json\/wp\/v2\/tags?post=4216"}],"curies":[{"name":"wp","href":"https:\/\/api.w.org\/{rel}","templated":true}]}}