{"id":4212,"date":"2022-06-14T17:54:10","date_gmt":"2022-06-14T22:54:10","guid":{"rendered":"https:\/\/www.elamazonico.com\/portal\/?p=4212"},"modified":"2022-06-14T17:54:21","modified_gmt":"2022-06-14T22:54:21","slug":"ministro-del-interior-aclara-que-aprehension-de-leonidas-iza-se-realizo-en-total-legalidad","status":"publish","type":"post","link":"https:\/\/www.elamazonico.com\/portal\/ministro-del-interior-aclara-que-aprehension-de-leonidas-iza-se-realizo-en-total-legalidad\/","title":{"rendered":"Ministro del Interior aclara que aprehensi\u00f3n de Leonidas Iza se realiz\u00f3 \u00aben total legalidad\u00bb"},"content":{"rendered":"\n<p>El ministro del Interior, Patricio Carrillo, asegur\u00f3 que la detenci\u00f3n del presidente de la Confederaci\u00f3n de Nacionalidades Ind\u00edgenas del Ecuador (Conaie), Leonidas Iza, se realiz\u00f3 con total legalidad. El funcionario de Estado aclar\u00f3 que tambi\u00e9n se entreg\u00f3 la documentaci\u00f3n correspondiente a la Fiscal\u00eda en los plazos establecidos por la ley.<\/p>\n\n\n\n<p>Seg\u00fan Carrillo, la Polic\u00eda Nacional remiti\u00f3 a la Fiscal\u00eda el parte policial a primera hora de la ma\u00f1ana de este martes 14 de junio del 2022. Horas antes, Iza fue detenido en flagrancia en un operativo.<\/p>\n\n\n\n<figure class=\"wp-block-embed is-type-rich is-provider-twitter wp-block-embed-twitter\"><div class=\"wp-block-embed__wrapper\">\n<blockquote class=\"twitter-tweet\" data-width=\"550\" data-dnt=\"true\"><p lang=\"es\" dir=\"ltr\">Informamos a la ciudadan\u00eda que <a href=\"https:\/\/twitter.com\/PoliciaEcuador?ref_src=twsrc%5Etfw\">@PoliciaEcuador<\/a> entreg\u00f3 el parte policial, sobre la detenci\u00f3n de Leonidas Iza, presidente de la <a href=\"https:\/\/twitter.com\/hashtag\/CONAIE?src=hash&amp;ref_src=twsrc%5Etfw\">#CONAIE<\/a>, en el plazo que le confiere la Ley. El polic\u00eda que levant\u00f3 el parte, entreg\u00f3 el documento de manera personal, a primera hora de la ma\u00f1ana. <a href=\"https:\/\/t.co\/vkWUMUANza\">pic.twitter.com\/vkWUMUANza<\/a><\/p>&mdash; Ministerio del Interior Ecuador (@MinInteriorEc) <a href=\"https:\/\/twitter.com\/MinInteriorEc\/status\/1536749732927782913?ref_src=twsrc%5Etfw\">June 14, 2022<\/a><\/blockquote><script async src=\"https:\/\/platform.twitter.com\/widgets.js\" charset=\"utf-8\"><\/script>\n<\/div><\/figure>\n\n\n\n<figure class=\"wp-block-embed is-type-rich is-provider-twitter wp-block-embed-twitter\"><div class=\"wp-block-embed__wrapper\">\n<blockquote class=\"twitter-tweet\" data-width=\"550\" data-dnt=\"true\"><p lang=\"es\" dir=\"ltr\">.<a href=\"https:\/\/twitter.com\/PoliciaEcuador?ref_src=twsrc%5Etfw\">@PoliciaEcuador<\/a> le ley\u00f3 sus derechos para ser puesto a \u00f3rdenes de las autoridades judiciales, para lo cual, la Constituci\u00f3n y la Ley conceden 24 horas. El Gobierno respalda a la Polic\u00eda. \u201cNo vamos a permitir que la violencia y el vandalismo se tomen el Ecuador\u201d, <a href=\"https:\/\/twitter.com\/CarrilloRosero?ref_src=twsrc%5Etfw\">@CarrilloRosero<\/a>. <a href=\"https:\/\/t.co\/2XmAAlC72j\">pic.twitter.com\/2XmAAlC72j<\/a><\/p>&mdash; Ministerio del Interior Ecuador (@MinInteriorEc) <a href=\"https:\/\/twitter.com\/MinInteriorEc\/status\/1536765726769524737?ref_src=twsrc%5Etfw\">June 14, 2022<\/a><\/blockquote><script async src=\"https:\/\/platform.twitter.com\/widgets.js\" charset=\"utf-8\"><\/script>\n<\/div><\/figure>\n\n\n\n<p>El l\u00edder ind\u00edgena obstruy\u00f3 la Panamericana E35, en el sector de Pastocalle, del cant\u00f3n Lasso (provincia de Cotopaxi). Antes de enviarlo ante la autoridad competente, los polic\u00edas le leyeron sus derechos, dijo Carrillo.<\/p>\n\n\n\n<p>\u201cNo vamos a permitir que la violencia y el vandalismo se tomen al Ecuador\u201d, agreg\u00f3 el ministro. En su declaraci\u00f3n, difundida como un video de redes sociales, acot\u00f3 que Iza es se\u00f1alado de dirigir las acciones de recrudecimiento y radicalizaci\u00f3n de la violencia en la protesta social que convoc\u00f3 la Conaie.<\/p>\n\n\n\n<figure class=\"wp-block-embed is-type-rich is-provider-twitter wp-block-embed-twitter\"><div class=\"wp-block-embed__wrapper\">\n<blockquote class=\"twitter-tweet\" data-width=\"550\" data-dnt=\"true\"><p lang=\"es\" dir=\"ltr\">Informamos a la ciudadan\u00eda que <a href=\"https:\/\/twitter.com\/PoliciaEcuador?ref_src=twsrc%5Etfw\">@PoliciaEcuador<\/a> entreg\u00f3 el parte policial, sobre la detenci\u00f3n de Leonidas Iza, presidente de la <a href=\"https:\/\/twitter.com\/hashtag\/CONAIE?src=hash&amp;ref_src=twsrc%5Etfw\">#CONAIE<\/a>, en el plazo que le confiere la Ley. El polic\u00eda que levant\u00f3 el parte, entreg\u00f3 el documento de manera personal, a primera hora de la ma\u00f1ana. <a href=\"https:\/\/t.co\/vkWUMUANza\">pic.twitter.com\/vkWUMUANza<\/a><\/p>&mdash; Ministerio del Interior Ecuador (@MinInteriorEc) <a href=\"https:\/\/twitter.com\/MinInteriorEc\/status\/1536749732927782913?ref_src=twsrc%5Etfw\">June 14, 2022<\/a><\/blockquote><script async src=\"https:\/\/platform.twitter.com\/widgets.js\" charset=\"utf-8\"><\/script>\n<\/div><\/figure>\n\n\n\n<p>La Fiscal\u00eda asegur\u00f3 en la ma\u00f1ana que no hab\u00eda recibido el parte policial para conocer los detalles que motivaron a la aprehensi\u00f3n de Iza. Poco antes del mediod\u00eda confirmaron que ya ten\u00edan el documento, pero que al ser un presunto delito flagrante cometido en Cotopaxi, la audiencia de formulaci\u00f3n de cargos debe efectuarse en esa provincia.<\/p>\n\n\n\n<p>Iza retorn\u00f3 desde la Unidad de Flagrancia, en Quito, hacia Latacunga. Hasta las 12:30 de este martes, la diligencia no se ha realizado. Carrillo dijo minutos m\u00e1s tarde, en rueda de prensa, que solicitaron al juez una audiencia telem\u00e1tica (cuando Iza a\u00fan estaba en la capital) pero este pedido no fue aceptado.<\/p>\n\n\n\n<figure class=\"wp-block-embed is-type-rich is-provider-twitter wp-block-embed-twitter\"><div class=\"wp-block-embed__wrapper\">\n<blockquote class=\"twitter-tweet\" data-width=\"550\" data-dnt=\"true\"><p lang=\"es\" dir=\"ltr\"><a href=\"https:\/\/twitter.com\/hashtag\/ATENCI%C3%93N?src=hash&amp;ref_src=twsrc%5Etfw\">#ATENCI\u00d3N<\/a> | Respecto a la detenci\u00f3n de Leonidas I. y la retenci\u00f3n de un agente fiscal en <a href=\"https:\/\/twitter.com\/hashtag\/Cotopaxi?src=hash&amp;ref_src=twsrc%5Etfw\">#Cotopaxi<\/a>, <a href=\"https:\/\/twitter.com\/hashtag\/Fiscal%C3%ADaEc?src=hash&amp;ref_src=twsrc%5Etfw\">#Fiscal\u00edaEc<\/a> informa a la ciudadan\u00eda (comunicado). \u2b07\ufe0f <a href=\"https:\/\/t.co\/IePrnaJFag\">pic.twitter.com\/IePrnaJFag<\/a><\/p>&mdash; Fiscal\u00eda Ecuador (@FiscaliaEcuador) <a href=\"https:\/\/twitter.com\/FiscaliaEcuador\/status\/1536715658129448960?ref_src=twsrc%5Etfw\">June 14, 2022<\/a><\/blockquote><script async src=\"https:\/\/platform.twitter.com\/widgets.js\" charset=\"utf-8\"><\/script>\n<\/div><\/figure>\n\n\n\n<figure class=\"wp-block-embed is-type-rich is-provider-twitter wp-block-embed-twitter\"><div class=\"wp-block-embed__wrapper\">\n<blockquote class=\"twitter-tweet\" data-width=\"550\" data-dnt=\"true\"><p lang=\"es\" dir=\"ltr\"><a href=\"https:\/\/twitter.com\/hashtag\/AHORA?src=hash&amp;ref_src=twsrc%5Etfw\">#AHORA<\/a> | <a href=\"https:\/\/twitter.com\/hashtag\/Fiscal%C3%ADaEc?src=hash&amp;ref_src=twsrc%5Etfw\">#Fiscal\u00edaEc<\/a> informa que hace pocos minutos ha recibido el parte de aprehensi\u00f3n \u2013seg\u00fan el documento\u2013 en flagrancia del ciudadano Leonidas I., levantado esta madrugada en <a href=\"https:\/\/twitter.com\/hashtag\/Cotopaxi?src=hash&amp;ref_src=twsrc%5Etfw\">#Cotopaxi<\/a>. Las diligencias respectivas se desarrollar\u00e1n \u2013como establece el COIP\u2013 en esa jurisdicci\u00f3n.<\/p>&mdash; Fiscal\u00eda Ecuador (@FiscaliaEcuador) <a href=\"https:\/\/twitter.com\/FiscaliaEcuador\/status\/1536737060979081217?ref_src=twsrc%5Etfw\">June 14, 2022<\/a><\/blockquote><script async src=\"https:\/\/platform.twitter.com\/widgets.js\" charset=\"utf-8\"><\/script>\n<\/div><\/figure>\n","protected":false},"excerpt":{"rendered":"<p>El ministro del Interior, Patricio Carrillo, asegur\u00f3 que la detenci\u00f3n del presidente de la Confederaci\u00f3n de Nacionalidades Ind\u00edgenas del Ecuador (Conaie), Leonidas Iza, se realiz\u00f3 con total legalidad. El funcionario de Estado aclar\u00f3 que tambi\u00e9n se entreg\u00f3 la documentaci\u00f3n correspondiente a la Fiscal\u00eda en los plazos establecidos por la ley. Seg\u00fan Carrillo, la Polic\u00eda Nacional remiti\u00f3 a la Fiscal\u00eda el parte policial a primera hora de la ma\u00f1ana de este martes 14 de junio del 2022. Horas antes, Iza fue detenido en flagrancia en un operativo. El l\u00edder ind\u00edgena obstruy\u00f3 la Panamericana E35, en el sector de Pastocalle, del cant\u00f3n Lasso (provincia de Cotopaxi). Antes de enviarlo ante la autoridad competente, los polic\u00edas le leyeron sus derechos, dijo Carrillo. \u201cNo vamos a permitir que la violencia y el vandalismo se tomen al Ecuador\u201d, agreg\u00f3 el ministro. En su declaraci\u00f3n, difundida como un video de redes sociales, acot\u00f3 que Iza es se\u00f1alado de dirigir las acciones de recrudecimiento y radicalizaci\u00f3n de la violencia en la protesta social que convoc\u00f3 la Conaie. La Fiscal\u00eda asegur\u00f3 en la ma\u00f1ana que no hab\u00eda recibido el parte policial para conocer los detalles que motivaron a la aprehensi\u00f3n de Iza. Poco antes del mediod\u00eda confirmaron que ya ten\u00edan el documento, pero que al ser un presunto delito flagrante cometido en Cotopaxi, la audiencia de formulaci\u00f3n de cargos debe efectuarse en esa provincia. Iza retorn\u00f3 desde la Unidad de Flagrancia, en Quito, hacia Latacunga. Hasta las 12:30 de este martes, la diligencia no se ha realizado. Carrillo dijo minutos m\u00e1s tarde, en rueda de prensa, que solicitaron al juez una audiencia telem\u00e1tica (cuando Iza a\u00fan estaba en la capital) pero este pedido no fue aceptado.<\/p>\n","protected":false},"author":1,"featured_media":4213,"comment_status":"open","ping_status":"open","sticky":false,"template":"","format":"standard","meta":{"footnotes":""},"categories":[268],"tags":[],"class_list":["post-4212","post","type-post","status-publish","format-standard","has-post-thumbnail","hentry","category-nacionales"],"_links":{"self":[{"href":"https:\/\/www.elamazonico.com\/portal\/wp-json\/wp\/v2\/posts\/4212","targetHints":{"allow":["GET"]}}],"collection":[{"href":"https:\/\/www.elamazonico.com\/portal\/wp-json\/wp\/v2\/posts"}],"about":[{"href":"https:\/\/www.elamazonico.com\/portal\/wp-json\/wp\/v2\/types\/post"}],"author":[{"embeddable":true,"href":"https:\/\/www.elamazonico.com\/portal\/wp-json\/wp\/v2\/users\/1"}],"replies":[{"embeddable":true,"href":"https:\/\/www.elamazonico.com\/portal\/wp-json\/wp\/v2\/comments?post=4212"}],"version-history":[{"count":1,"href":"https:\/\/www.elamazonico.com\/portal\/wp-json\/wp\/v2\/posts\/4212\/revisions"}],"predecessor-version":[{"id":4214,"href":"https:\/\/www.elamazonico.com\/portal\/wp-json\/wp\/v2\/posts\/4212\/revisions\/4214"}],"wp:featuredmedia":[{"embeddable":true,"href":"https:\/\/www.elamazonico.com\/portal\/wp-json\/wp\/v2\/media\/4213"}],"wp:attachment":[{"href":"https:\/\/www.elamazonico.com\/portal\/wp-json\/wp\/v2\/media?parent=4212"}],"wp:term":[{"taxonomy":"category","embeddable":true,"href":"https:\/\/www.elamazonico.com\/portal\/wp-json\/wp\/v2\/categories?post=4212"},{"taxonomy":"post_tag","embeddable":true,"href":"https:\/\/www.elamazonico.com\/portal\/wp-json\/wp\/v2\/tags?post=4212"}],"curies":[{"name":"wp","href":"https:\/\/api.w.org\/{rel}","templated":true}]}}