{"id":4180,"date":"2022-06-14T05:33:42","date_gmt":"2022-06-14T10:33:42","guid":{"rendered":"https:\/\/www.elamazonico.com\/portal\/?p=4180"},"modified":"2022-06-14T05:33:49","modified_gmt":"2022-06-14T10:33:49","slug":"leonidas-iza-fue-detenido-guillermo-lasso-anuncia-captura-de-autores-materiales-e-intelectuales-de-actos-violentos-durante-paro-nacional","status":"publish","type":"post","link":"https:\/\/www.elamazonico.com\/portal\/leonidas-iza-fue-detenido-guillermo-lasso-anuncia-captura-de-autores-materiales-e-intelectuales-de-actos-violentos-durante-paro-nacional\/","title":{"rendered":"Leonidas Iza fue detenido; Guillermo Lasso anuncia captura de autores materiales e intelectuales de actos violentos durante paro nacional"},"content":{"rendered":"\n<p>La madrugada de este martes, la Confederaci\u00f3n de Nacionalidades Ind\u00edgenas del Ecuador (Conaie) denunciaron a trav\u00e9s de un video en sus redes sociales la detenci\u00f3n de su presidente Leonidas Iza.<\/p>\n\n\n\n<p>De acuerdo a la publicaci\u00f3n quienes intervinieron fueron grupos \u00e9lites de la Polic\u00eda y Fuerzas Armadas. En un video se observa que Iza sali\u00f3 de un veh\u00edculo donde se encontraba con simpatizantes y acompa\u00f1ado de uniformados fue dirigido a otro de color blanco. Se indic\u00f3 que este incidente se realiz\u00f3 en el sector Lasso, cerca de Pastocalle, en la provincia de Cotopaxi.<\/p>\n\n\n\n<p><a href=\"https:\/\/www.eluniverso.com\/noticias\/politica\/violencia-de-manifestaciones-se-incremento-segun-el-gobierno-seis-estudiantes-del-colegio-mejia-fueron-retenidos-nota\/?modulo=destacadas-uno&amp;plantilla=home?modulo=interstitial_link&amp;seccion=Noticias&amp;subseccion=Pol%C3%ADtica&amp;origen=\/noticias\/politica\/leonidas-iza-fue-detenido-por-incidentes-durante-paro-nacional-nota\/\">Violencia de manifestaciones se increment\u00f3, seg\u00fan el Gobierno. Seis estudiantes del Colegio Mej\u00eda fueron retenidos<\/a><\/p>\n\n\n\n<p>En su cuenta de Twitter, la Conaie hizo un llamado a su estructura a \u201cradicalizar las medidas de hecho por la libertad de nuestro m\u00e1ximo l\u00edder y por la dignidad de nuestra lucha\u201d.<\/p>\n\n\n\n<figure class=\"wp-block-embed is-type-rich is-provider-twitter wp-block-embed-twitter\"><div class=\"wp-block-embed__wrapper\">\n<blockquote class=\"twitter-tweet\" data-width=\"550\" data-dnt=\"true\"><p lang=\"es\" dir=\"ltr\"><a href=\"https:\/\/twitter.com\/hashtag\/URGENTE?src=hash&amp;ref_src=twsrc%5Etfw\">#URGENTE<\/a> <br>Grupos de \u00e9lite de la Polic\u00eda y las FFAA detienen de manera ilegal a <a href=\"https:\/\/twitter.com\/LeonidasIzaSal1?ref_src=twsrc%5Etfw\">@LeonidasIzaSal1<\/a> presidente de la CONAIE.<br>Llamamos a nuestra estructura organizativa a RADICALIZAR las medidas de hecho por la LIBERTAD de nuestro m\u00e1ximo l\u00edder y por la dignidad de nuestra lucha. <a href=\"https:\/\/t.co\/qRVIMjewBW\">pic.twitter.com\/qRVIMjewBW<\/a><\/p>&mdash; CONAIE (@CONAIE_Ecuador) <a href=\"https:\/\/twitter.com\/CONAIE_Ecuador\/status\/1536590702620155910?ref_src=twsrc%5Etfw\">June 14, 2022<\/a><\/blockquote><script async src=\"https:\/\/platform.twitter.com\/widgets.js\" charset=\"utf-8\"><\/script>\n<\/div><\/figure>\n\n\n\n<p>Alrededor de la 01:20, el presidente Guillermo Lasso explic\u00f3 que se encontraban realizando las detenciones de los autores intelectuales y materiales de los incidentes durante el paro nacional, sin mencionar a Iza.<\/p>\n\n\n\n<p>El mandatario mencion\u00f3 que hubo incendio a patrullero, invasi\u00f3n a productores, roturas de parabrisas, ataque a instalaci\u00f3n de bombeo de petr\u00f3leo, corte de agua en las comunidades y cierre y da\u00f1os en las v\u00edas estatales.<\/p>\n\n\n\n<p><a href=\"https:\/\/www.eluniverso.com\/noticias\/politica\/conaie-toma-impulso-en-su-llamado-a-paralizar-el-pais-y-se-cierra-a-un-posible-dialogo-con-el-gobierno-nacional-nota\/?modulo=destacadas-uno&amp;plantilla=home?modulo=interstitial_link&amp;seccion=Noticias&amp;subseccion=Pol%C3%ADtica&amp;origen=\/noticias\/politica\/leonidas-iza-fue-detenido-por-incidentes-durante-paro-nacional-nota\/\">Conaie toma impulso en su llamado a paralizar el pa\u00eds y se cierra a un posible di\u00e1logo con el Gobierno nacional<\/a><\/p>\n\n\n\n<p>\u201cAhora le toca a la Fiscal\u00eda y Poder Judicial actuar porque nadie est\u00e1 por encima de la ley, los ecuatorianos no podemos ser v\u00edctimas de v\u00e1ndalos que solo quieren provocar el caos\u201d, refiri\u00f3.<\/p>\n\n\n\n<figure class=\"wp-block-embed is-type-rich is-provider-twitter wp-block-embed-twitter\"><div class=\"wp-block-embed__wrapper\">\n<blockquote class=\"twitter-tweet\" data-width=\"550\" data-dnt=\"true\"><p lang=\"es\" dir=\"ltr\">Ahora que hemos empezado a reactivarnos, <a href=\"https:\/\/twitter.com\/hashtag\/NoPodemosParar?src=hash&amp;ref_src=twsrc%5Etfw\">#NoPodemosParar<\/a>. Quienes cometan actos vand\u00e1licos van a responder ante la justicia y el pueblo ecuatoriano. <a href=\"https:\/\/t.co\/yRmY1hikht\">pic.twitter.com\/yRmY1hikht<\/a><\/p>&mdash; Guillermo Lasso (@LassoGuillermo) <a href=\"https:\/\/twitter.com\/LassoGuillermo\/status\/1536593974772776960?ref_src=twsrc%5Etfw\">June 14, 2022<\/a><\/blockquote><script async src=\"https:\/\/platform.twitter.com\/widgets.js\" charset=\"utf-8\"><\/script>\n<\/div><\/figure>\n\n\n\n<p>Desde la medianoche de este lunes, grupos de manifestantes atendieron el llamado a una paralizaci\u00f3n nacional de la Conaie y al menos 16 provincias amanecieron con bloqueos de tierra, \u00e1rboles y llantas quemadas, de acuerdo con los reportes de la Conaie.<\/p>\n\n\n\n<p>De acuerdo con el ministro del Interior, Patricio Carrillo, en el transcurso de la tarde se increment\u00f3 el nivel de violencia de las manifestaciones. Inform\u00f3 del secuestro de polic\u00edas en el cant\u00f3n Saraguro (Loja), por parte de comunidades ind\u00edgenas que pretenden aplicar procesos de \u201cpurificaci\u00f3n\u201d por supuestamente haber invadido su territorio.<\/p>\n\n\n\n<p>En la v\u00eda Cuenca \u2013 Molleturo, en el sector Hierba Buena, un patrullero de la Polic\u00eda Nacional fue incendiado por un grupo de desconocidos.\u00a0<strong>(I)<\/strong> Fuente: El Universo<\/p>\n","protected":false},"excerpt":{"rendered":"<p>La madrugada de este martes, la Confederaci\u00f3n de Nacionalidades Ind\u00edgenas del Ecuador (Conaie) denunciaron a trav\u00e9s de un video en sus redes sociales la detenci\u00f3n de su presidente Leonidas Iza. De acuerdo a la publicaci\u00f3n quienes intervinieron fueron grupos \u00e9lites de la Polic\u00eda y Fuerzas Armadas. En un video se observa que Iza sali\u00f3 de un veh\u00edculo donde se encontraba con simpatizantes y acompa\u00f1ado de uniformados fue dirigido a otro de color blanco. Se indic\u00f3 que este incidente se realiz\u00f3 en el sector Lasso, cerca de Pastocalle, en la provincia de Cotopaxi. Violencia de manifestaciones se increment\u00f3, seg\u00fan el Gobierno. Seis estudiantes del Colegio Mej\u00eda fueron retenidos En su cuenta de Twitter, la Conaie hizo un llamado a su estructura a \u201cradicalizar las medidas de hecho por la libertad de nuestro m\u00e1ximo l\u00edder y por la dignidad de nuestra lucha\u201d. Alrededor de la 01:20, el presidente Guillermo Lasso explic\u00f3 que se encontraban realizando las detenciones de los autores intelectuales y materiales de los incidentes durante el paro nacional, sin mencionar a Iza. El mandatario mencion\u00f3 que hubo incendio a patrullero, invasi\u00f3n a productores, roturas de parabrisas, ataque a instalaci\u00f3n de bombeo de petr\u00f3leo, corte de agua en las comunidades y cierre y da\u00f1os en las v\u00edas estatales. Conaie toma impulso en su llamado a paralizar el pa\u00eds y se cierra a un posible di\u00e1logo con el Gobierno nacional \u201cAhora le toca a la Fiscal\u00eda y Poder Judicial actuar porque nadie est\u00e1 por encima de la ley, los ecuatorianos no podemos ser v\u00edctimas de v\u00e1ndalos que solo quieren provocar el caos\u201d, refiri\u00f3. Desde la medianoche de este lunes, grupos de manifestantes atendieron el llamado a una paralizaci\u00f3n nacional de la Conaie y al menos 16 provincias amanecieron con bloqueos de tierra, \u00e1rboles y llantas quemadas, de acuerdo con los reportes de la Conaie. De acuerdo con el ministro del Interior, Patricio Carrillo, en el transcurso de la tarde se increment\u00f3 el nivel de violencia de las manifestaciones. Inform\u00f3 del secuestro de polic\u00edas en el cant\u00f3n Saraguro (Loja), por parte de comunidades ind\u00edgenas que pretenden aplicar procesos de \u201cpurificaci\u00f3n\u201d por supuestamente haber invadido su territorio. En la v\u00eda Cuenca \u2013 Molleturo, en el sector Hierba Buena, un patrullero de la Polic\u00eda Nacional fue incendiado por un grupo de desconocidos.\u00a0(I) Fuente: El Universo<\/p>\n","protected":false},"author":1,"featured_media":4181,"comment_status":"open","ping_status":"open","sticky":false,"template":"","format":"standard","meta":{"footnotes":""},"categories":[268],"tags":[],"class_list":["post-4180","post","type-post","status-publish","format-standard","has-post-thumbnail","hentry","category-nacionales"],"_links":{"self":[{"href":"https:\/\/www.elamazonico.com\/portal\/wp-json\/wp\/v2\/posts\/4180","targetHints":{"allow":["GET"]}}],"collection":[{"href":"https:\/\/www.elamazonico.com\/portal\/wp-json\/wp\/v2\/posts"}],"about":[{"href":"https:\/\/www.elamazonico.com\/portal\/wp-json\/wp\/v2\/types\/post"}],"author":[{"embeddable":true,"href":"https:\/\/www.elamazonico.com\/portal\/wp-json\/wp\/v2\/users\/1"}],"replies":[{"embeddable":true,"href":"https:\/\/www.elamazonico.com\/portal\/wp-json\/wp\/v2\/comments?post=4180"}],"version-history":[{"count":1,"href":"https:\/\/www.elamazonico.com\/portal\/wp-json\/wp\/v2\/posts\/4180\/revisions"}],"predecessor-version":[{"id":4182,"href":"https:\/\/www.elamazonico.com\/portal\/wp-json\/wp\/v2\/posts\/4180\/revisions\/4182"}],"wp:featuredmedia":[{"embeddable":true,"href":"https:\/\/www.elamazonico.com\/portal\/wp-json\/wp\/v2\/media\/4181"}],"wp:attachment":[{"href":"https:\/\/www.elamazonico.com\/portal\/wp-json\/wp\/v2\/media?parent=4180"}],"wp:term":[{"taxonomy":"category","embeddable":true,"href":"https:\/\/www.elamazonico.com\/portal\/wp-json\/wp\/v2\/categories?post=4180"},{"taxonomy":"post_tag","embeddable":true,"href":"https:\/\/www.elamazonico.com\/portal\/wp-json\/wp\/v2\/tags?post=4180"}],"curies":[{"name":"wp","href":"https:\/\/api.w.org\/{rel}","templated":true}]}}