{"id":4175,"date":"2022-06-13T09:46:07","date_gmt":"2022-06-13T14:46:07","guid":{"rendered":"https:\/\/www.elamazonico.com\/portal\/?p=4175"},"modified":"2022-06-13T09:46:20","modified_gmt":"2022-06-13T14:46:20","slug":"francisco-jimenez-hablo-sobre-los-requerimientos-de-la-conaie%ef%bf%bc","status":"publish","type":"post","link":"https:\/\/www.elamazonico.com\/portal\/francisco-jimenez-hablo-sobre-los-requerimientos-de-la-conaie%ef%bf%bc\/","title":{"rendered":"Francisco Jim\u00e9nez habl\u00f3 sobre los requerimientos de la Conaie\ufffc"},"content":{"rendered":"\n<p>Francisco Jim\u00e9nez, ministro de Gobierno, dio una entrevista a Teleamazonas en la que habl\u00f3 sobre varios temas de coyuntura, en medio de las manifestaciones convocadas por la Conaie.<\/p>\n\n\n\n<p>Jim\u00e9nez se refiri\u00f3 los pedidos que la Conaie habr\u00eda presentado como condiciones para deponer la medida de hecho y las movilizaciones convocadas para el lunes 13 de junio.<\/p>\n\n\n\n<p>Una de esas exigencias es la reducci\u00f3n y no m\u00e1s subida del costo de los combustibles, adem\u00e1s derogar los decretos 1158, 1183, 1054 e iniciar el proceso de focalizaci\u00f3n de subsidios para sectores que los necesiten.<\/p>\n\n\n\n<p>Sobre este punto, Jim\u00e9nez dijo que se lleva meses sin una subida del precio de la gasolina y agreg\u00f3 que \u201cse ha otorgado cr\u00e9ditos agr\u00edcola, en materia de educaci\u00f3n se ha reforzado el sistema intercultural, en materia de medicinas se implementa un sistema que reducir\u00e1 el costo dr\u00e1sticamente\u201d.<\/p>\n\n\n\n<p>En cuanto al pedido, en general, de la Conaie, el Ministro de Gobierno dijo que la gran mayor\u00eda de puntos se han cumplido. \u201cPodemos conversar sobre los diez puntos, pero nosotros tenemos que tomar definiciones en funci\u00f3n de los intereses de las grandes mayor\u00edas\u201d, dijo Jim\u00e9nez.<\/p>\n\n\n\n<p>El Ministro resalt\u00f3 la intenci\u00f3n del Gobierno de mantener el di\u00e1logo con los distintos sectores del pa\u00eds y se\u00f1al\u00f3 que los problemas que el Ecuador ten\u00eda desde hace mucho tiempo, \u201cno se pueden arreglar en un a\u00f1o\u201d.<\/p>\n\n\n\n<p>\u201cNo tenemos problemas en sentarnos y discutir los temas. Hace pocos d\u00edas hemos estado sentados con el sector transportista y les hemos explicado que hay algunas peticiones con las que podemos avanzar y otras que van a tomar su tiempo\u201d, dijo Jim\u00e9nez. \u201cTambi\u00e9n necesitamos una escucha del otro lado\u201d, agreg\u00f3.<\/p>\n\n\n\n<p>Entre tanto algunas v\u00edas del pa\u00eds se encuentran cerradas por los manifestantes, como por ejemplo la Panamericana Norte en el sector de Calder\u00f3n y la v\u00eda E35 en el sector del Parque Nacional Cotopaxi.<\/p>\n\n\n\n<p>Se espera que conforme pase el d\u00eda y los sectores est\u00e9n dispuestos a dialogar la paralizaci\u00f3n propuesta desde la Conaie se levante. (I)<\/p>\n\n\n\n<p>El Tel\u00e9grafo<\/p>\n","protected":false},"excerpt":{"rendered":"<p>Francisco Jim\u00e9nez, ministro de Gobierno, dio una entrevista a Teleamazonas en la que habl\u00f3 sobre varios temas de coyuntura, en medio de las manifestaciones convocadas por la Conaie. Jim\u00e9nez se refiri\u00f3 los pedidos que la Conaie habr\u00eda presentado como condiciones para deponer la medida de hecho y las movilizaciones convocadas para el lunes 13 de junio. Una de esas exigencias es la reducci\u00f3n y no m\u00e1s subida del costo de los combustibles, adem\u00e1s derogar los decretos 1158, 1183, 1054 e iniciar el proceso de focalizaci\u00f3n de subsidios para sectores que los necesiten. Sobre este punto, Jim\u00e9nez dijo que se lleva meses sin una subida del precio de la gasolina y agreg\u00f3 que \u201cse ha otorgado cr\u00e9ditos agr\u00edcola, en materia de educaci\u00f3n se ha reforzado el sistema intercultural, en materia de medicinas se implementa un sistema que reducir\u00e1 el costo dr\u00e1sticamente\u201d. En cuanto al pedido, en general, de la Conaie, el Ministro de Gobierno dijo que la gran mayor\u00eda de puntos se han cumplido. \u201cPodemos conversar sobre los diez puntos, pero nosotros tenemos que tomar definiciones en funci\u00f3n de los intereses de las grandes mayor\u00edas\u201d, dijo Jim\u00e9nez. El Ministro resalt\u00f3 la intenci\u00f3n del Gobierno de mantener el di\u00e1logo con los distintos sectores del pa\u00eds y se\u00f1al\u00f3 que los problemas que el Ecuador ten\u00eda desde hace mucho tiempo, \u201cno se pueden arreglar en un a\u00f1o\u201d. \u201cNo tenemos problemas en sentarnos y discutir los temas. Hace pocos d\u00edas hemos estado sentados con el sector transportista y les hemos explicado que hay algunas peticiones con las que podemos avanzar y otras que van a tomar su tiempo\u201d, dijo Jim\u00e9nez. \u201cTambi\u00e9n necesitamos una escucha del otro lado\u201d, agreg\u00f3. Entre tanto algunas v\u00edas del pa\u00eds se encuentran cerradas por los manifestantes, como por ejemplo la Panamericana Norte en el sector de Calder\u00f3n y la v\u00eda E35 en el sector del Parque Nacional Cotopaxi. Se espera que conforme pase el d\u00eda y los sectores est\u00e9n dispuestos a dialogar la paralizaci\u00f3n propuesta desde la Conaie se levante. (I) El Tel\u00e9grafo<\/p>\n","protected":false},"author":1,"featured_media":4176,"comment_status":"open","ping_status":"open","sticky":false,"template":"","format":"standard","meta":{"footnotes":""},"categories":[268],"tags":[],"class_list":["post-4175","post","type-post","status-publish","format-standard","has-post-thumbnail","hentry","category-nacionales"],"_links":{"self":[{"href":"https:\/\/www.elamazonico.com\/portal\/wp-json\/wp\/v2\/posts\/4175","targetHints":{"allow":["GET"]}}],"collection":[{"href":"https:\/\/www.elamazonico.com\/portal\/wp-json\/wp\/v2\/posts"}],"about":[{"href":"https:\/\/www.elamazonico.com\/portal\/wp-json\/wp\/v2\/types\/post"}],"author":[{"embeddable":true,"href":"https:\/\/www.elamazonico.com\/portal\/wp-json\/wp\/v2\/users\/1"}],"replies":[{"embeddable":true,"href":"https:\/\/www.elamazonico.com\/portal\/wp-json\/wp\/v2\/comments?post=4175"}],"version-history":[{"count":1,"href":"https:\/\/www.elamazonico.com\/portal\/wp-json\/wp\/v2\/posts\/4175\/revisions"}],"predecessor-version":[{"id":4177,"href":"https:\/\/www.elamazonico.com\/portal\/wp-json\/wp\/v2\/posts\/4175\/revisions\/4177"}],"wp:featuredmedia":[{"embeddable":true,"href":"https:\/\/www.elamazonico.com\/portal\/wp-json\/wp\/v2\/media\/4176"}],"wp:attachment":[{"href":"https:\/\/www.elamazonico.com\/portal\/wp-json\/wp\/v2\/media?parent=4175"}],"wp:term":[{"taxonomy":"category","embeddable":true,"href":"https:\/\/www.elamazonico.com\/portal\/wp-json\/wp\/v2\/categories?post=4175"},{"taxonomy":"post_tag","embeddable":true,"href":"https:\/\/www.elamazonico.com\/portal\/wp-json\/wp\/v2\/tags?post=4175"}],"curies":[{"name":"wp","href":"https:\/\/api.w.org\/{rel}","templated":true}]}}