{"id":4172,"date":"2022-06-13T09:37:26","date_gmt":"2022-06-13T14:37:26","guid":{"rendered":"https:\/\/www.elamazonico.com\/portal\/?p=4172"},"modified":"2022-06-13T09:37:29","modified_gmt":"2022-06-13T14:37:29","slug":"leonidas-iza-aclara-que-la-movilizacion-no-es-para-que-los-dirigentes-vayan-a-una-mesa-de-dialogo-con-el-gobierno","status":"publish","type":"post","link":"https:\/\/www.elamazonico.com\/portal\/leonidas-iza-aclara-que-la-movilizacion-no-es-para-que-los-dirigentes-vayan-a-una-mesa-de-dialogo-con-el-gobierno\/","title":{"rendered":"Leonidas Iza aclara que la movilizaci\u00f3n \u201cno es para que los dirigentes vayan a una mesa de di\u00e1logo\u201d con el Gobierno"},"content":{"rendered":"\n<p>Si no hay respuesta del Gobierno Nacional a las demandas de revisar su pol\u00edtica econ\u00f3mica, el movimiento ind\u00edgena buscar\u00e1 ingresar a la ciudad de Quito e instalar su movilizaci\u00f3n nacional.<\/p>\n\n\n\n<p>La madrugada de este lunes varias v\u00edas del pa\u00eds amanecieron bloqueadas como consecuencia de una jornada de paralizaci\u00f3n \u201cindefinida\u201d, a la que convoc\u00f3 la Confederaci\u00f3n de Nacionalidades Ind\u00edgenas del Ecuador (Conaie) desde este 13 de junio.<\/p>\n\n\n\n<p>En el interior de la ciudad de Quito, la movilidad mantiene la normalidad; sin embargo, los ingresos principales por el norte y sur han sido bloqueados por grupos de manifestantes.<\/p>\n\n\n\n<p>Uno de esos ingresos es el de la Panamericana Norte, en el sector del San Miguel de Calder\u00f3n que fue taponada con \u00e1rboles, mont\u00edculos de tierra y llantas quemadas desde la medianoche.<\/p>\n\n\n\n<p>Minutos despu\u00e9s de las 05:00 de este lunes, pobladores de los sectores de Guayllabamba, y de otras parroquias m\u00e1s alejadas, estudiantes y trabajadores debieron caminar varios kil\u00f3metros hasta llegar a Calder\u00f3n para tomar un transporte y movilizarse a sus destinos.<\/p>\n\n\n\n<p>En tanto, decenas de polic\u00edas de la Unidad de Mantenimiento del Orden (UMO) se agruparon pasadas las 07:00 para despejar la v\u00eda, sin \u00e9xito, pues los manifestantes cerraron cualquier di\u00e1logo para retirar los escombros y habilitar el paso.<\/p>\n\n\n\n<p>Sin embargo, se esperaba mantener nuevas conversaciones con los dirigentes de esa concentraci\u00f3n para evitar un desalojo por la fuerza.<\/p>\n\n\n\n<p>Por su parte,\u00a0<strong>el presidente de la Conaie, Leonidas Iza,\u00a0<\/strong>se encuentra concentrado en el ingreso sur de Quito, por el sector de Tambillo, seg\u00fan se ha informado.<\/p>\n\n\n\n<p>Desde ah\u00ed atendi\u00f3 una entrevista para la cadena&nbsp;<em>Teleradio&nbsp;<\/em>en la que asegur\u00f3 que depender\u00e1 de la respuesta que tenga el r\u00e9gimen a sus exigencias para levantar la medida de hecho.<\/p>\n\n\n\n<p>El dirigente ind\u00edgena insisti\u00f3 que la movilizaci\u00f3n es nacional e indefinida, pero est\u00e1 concentrada, por el momento, en los territorios.<\/p>\n\n\n\n<p>Respecto de atender el llamado al di\u00e1logo que ha hecho el presidente Guillermo Lasso, Iza le espet\u00f3 que esta \u201cno es una movilizaci\u00f3n para que los dirigentes vayan a una mesa (de di\u00e1logo) y que la Conaie ha hecho conocer cu\u00e1les son sus diez pedidos\u201d.<\/p>\n\n\n\n<p>Al referirse a la advertencia emanada desde la Alcald\u00eda de Quito respecto a que no se permitir\u00e1 que se destruya la ciudad en actos similares a las protestas de octubre del 2019, Iza les dijo que \u201cdejen de ser ignorantes\u201d y que vayan a leer los informes del servicio de seguridad ECU911, para que constaten que la Conaie no caus\u00f3 hechos de violencia en esa ocasi\u00f3n.<\/p>\n\n\n\n<p>En ese \u00e1mbito, recalc\u00f3 que si no hay respuestas del Gobierno, se plantear\u00e1 concentrar la movilizaci\u00f3n en la ciudad capital.<\/p>\n\n\n\n<p>Est\u00e1 previsto que en la pr\u00f3ximas horas, Iza haga una primera evaluaci\u00f3n de la protesta. (I)<\/p>\n","protected":false},"excerpt":{"rendered":"<p>Si no hay respuesta del Gobierno Nacional a las demandas de revisar su pol\u00edtica econ\u00f3mica, el movimiento ind\u00edgena buscar\u00e1 ingresar a la ciudad de Quito e instalar su movilizaci\u00f3n nacional. La madrugada de este lunes varias v\u00edas del pa\u00eds amanecieron bloqueadas como consecuencia de una jornada de paralizaci\u00f3n \u201cindefinida\u201d, a la que convoc\u00f3 la Confederaci\u00f3n de Nacionalidades Ind\u00edgenas del Ecuador (Conaie) desde este 13 de junio. En el interior de la ciudad de Quito, la movilidad mantiene la normalidad; sin embargo, los ingresos principales por el norte y sur han sido bloqueados por grupos de manifestantes. Uno de esos ingresos es el de la Panamericana Norte, en el sector del San Miguel de Calder\u00f3n que fue taponada con \u00e1rboles, mont\u00edculos de tierra y llantas quemadas desde la medianoche. Minutos despu\u00e9s de las 05:00 de este lunes, pobladores de los sectores de Guayllabamba, y de otras parroquias m\u00e1s alejadas, estudiantes y trabajadores debieron caminar varios kil\u00f3metros hasta llegar a Calder\u00f3n para tomar un transporte y movilizarse a sus destinos. En tanto, decenas de polic\u00edas de la Unidad de Mantenimiento del Orden (UMO) se agruparon pasadas las 07:00 para despejar la v\u00eda, sin \u00e9xito, pues los manifestantes cerraron cualquier di\u00e1logo para retirar los escombros y habilitar el paso. Sin embargo, se esperaba mantener nuevas conversaciones con los dirigentes de esa concentraci\u00f3n para evitar un desalojo por la fuerza. Por su parte,\u00a0el presidente de la Conaie, Leonidas Iza,\u00a0se encuentra concentrado en el ingreso sur de Quito, por el sector de Tambillo, seg\u00fan se ha informado. Desde ah\u00ed atendi\u00f3 una entrevista para la cadena&nbsp;Teleradio&nbsp;en la que asegur\u00f3 que depender\u00e1 de la respuesta que tenga el r\u00e9gimen a sus exigencias para levantar la medida de hecho. El dirigente ind\u00edgena insisti\u00f3 que la movilizaci\u00f3n es nacional e indefinida, pero est\u00e1 concentrada, por el momento, en los territorios. Respecto de atender el llamado al di\u00e1logo que ha hecho el presidente Guillermo Lasso, Iza le espet\u00f3 que esta \u201cno es una movilizaci\u00f3n para que los dirigentes vayan a una mesa (de di\u00e1logo) y que la Conaie ha hecho conocer cu\u00e1les son sus diez pedidos\u201d. Al referirse a la advertencia emanada desde la Alcald\u00eda de Quito respecto a que no se permitir\u00e1 que se destruya la ciudad en actos similares a las protestas de octubre del 2019, Iza les dijo que \u201cdejen de ser ignorantes\u201d y que vayan a leer los informes del servicio de seguridad ECU911, para que constaten que la Conaie no caus\u00f3 hechos de violencia en esa ocasi\u00f3n. En ese \u00e1mbito, recalc\u00f3 que si no hay respuestas del Gobierno, se plantear\u00e1 concentrar la movilizaci\u00f3n en la ciudad capital. Est\u00e1 previsto que en la pr\u00f3ximas horas, Iza haga una primera evaluaci\u00f3n de la protesta. (I)<\/p>\n","protected":false},"author":1,"featured_media":4173,"comment_status":"open","ping_status":"open","sticky":false,"template":"","format":"standard","meta":{"footnotes":""},"categories":[268],"tags":[],"class_list":["post-4172","post","type-post","status-publish","format-standard","has-post-thumbnail","hentry","category-nacionales"],"_links":{"self":[{"href":"https:\/\/www.elamazonico.com\/portal\/wp-json\/wp\/v2\/posts\/4172","targetHints":{"allow":["GET"]}}],"collection":[{"href":"https:\/\/www.elamazonico.com\/portal\/wp-json\/wp\/v2\/posts"}],"about":[{"href":"https:\/\/www.elamazonico.com\/portal\/wp-json\/wp\/v2\/types\/post"}],"author":[{"embeddable":true,"href":"https:\/\/www.elamazonico.com\/portal\/wp-json\/wp\/v2\/users\/1"}],"replies":[{"embeddable":true,"href":"https:\/\/www.elamazonico.com\/portal\/wp-json\/wp\/v2\/comments?post=4172"}],"version-history":[{"count":1,"href":"https:\/\/www.elamazonico.com\/portal\/wp-json\/wp\/v2\/posts\/4172\/revisions"}],"predecessor-version":[{"id":4174,"href":"https:\/\/www.elamazonico.com\/portal\/wp-json\/wp\/v2\/posts\/4172\/revisions\/4174"}],"wp:featuredmedia":[{"embeddable":true,"href":"https:\/\/www.elamazonico.com\/portal\/wp-json\/wp\/v2\/media\/4173"}],"wp:attachment":[{"href":"https:\/\/www.elamazonico.com\/portal\/wp-json\/wp\/v2\/media?parent=4172"}],"wp:term":[{"taxonomy":"category","embeddable":true,"href":"https:\/\/www.elamazonico.com\/portal\/wp-json\/wp\/v2\/categories?post=4172"},{"taxonomy":"post_tag","embeddable":true,"href":"https:\/\/www.elamazonico.com\/portal\/wp-json\/wp\/v2\/tags?post=4172"}],"curies":[{"name":"wp","href":"https:\/\/api.w.org\/{rel}","templated":true}]}}