{"id":4169,"date":"2022-06-13T09:30:28","date_gmt":"2022-06-13T14:30:28","guid":{"rendered":"https:\/\/www.elamazonico.com\/portal\/?p=4169"},"modified":"2022-06-13T09:30:33","modified_gmt":"2022-06-13T14:30:33","slug":"vias-de-seis-provincias-de-ecuador-estan-bloqueadas-desde-esta-madrugada-por-el-paro-nacional-convocado-por-la-conaie","status":"publish","type":"post","link":"https:\/\/www.elamazonico.com\/portal\/vias-de-seis-provincias-de-ecuador-estan-bloqueadas-desde-esta-madrugada-por-el-paro-nacional-convocado-por-la-conaie\/","title":{"rendered":"V\u00edas de seis provincias de Ecuador est\u00e1n bloqueadas desde esta madrugada por el paro nacional convocado por la Conaie"},"content":{"rendered":"\n<p>V\u00edas de al menos seis provincias del pa\u00eds amanecieron cerradas por grupos de manifestantes que se sumaron al paro nacional convocado por la Confederaci\u00f3n de Nacionalidades Ind\u00edgenas del Ecuador (Conaie), seg\u00fan reportes del Servicio Nacional de Riesgos y el ECU-911.<\/p>\n\n\n\n<p><strong>En Tungurahua<\/strong>&nbsp;est\u00e1n cerradas las v\u00edas Ambato-Quito, a la altura de la entrada al Parque Nacional Cotopaxi; y la Ba\u00f1os-Puyo, en el sector de T\u00e9 Zulay altura de la Y ingreso a Madre Tierra.<\/p>\n\n\n\n<p><strong>En Pastaza<\/strong>, la v\u00eda Puyo-Mera, en el sector T\u00e9 Zulay; Puyo-Macas, a la altura del Km 51 Tsuraku; y Puyo-Santa Clara-Tena, en el sector Rey de Oriente.<\/p>\n\n\n\n<p><strong>En Chimborazo,<\/strong>\u00a0las v\u00edas Riobamba-Pallatanga-Guayaquil, en el sector Pangor; Riobamba-Guamote-Alaus\u00ed-Chunchi-Cuenca, que cubre las zonas de Guano, Colta Laguna de Colta, Columbe San Mart\u00edn y Alaus\u00ed La Moya.<\/p>\n\n\n\n<p><strong>En Cotopaxi<\/strong>, las v\u00edas Latacunga-Quito, en la entrada al Parque Nacional Cotopaxi.<\/p>\n\n\n\n<p><strong>En Pichincha,<\/strong>&nbsp;los tramos Intervalles-Ruta Viva; Cusubamba-Cayambe; Guayllabamba-Calder\u00f3n; y Tabacundo-Cajas.<\/p>\n\n\n\n<p><strong>En Azuay<\/strong>: v\u00eda Cumbe-Jarata-O\u00f1a.<\/p>\n\n\n\n<p>Los manifestantes han bloqueado las carreteras con piedras, palos y llantas quemadas.<\/p>\n\n\n\n<p>La Conaie exige al gobierno de Guillermo Lasso el cumplimiento de una agenda de diez temas, entre ellos la reducci\u00f3n de los precios de los combustibles, la condonaci\u00f3n de la deuda de los campesinos con la banca p\u00fablica, el respeto a los derechos colectivos, que no se vendan los bienes del Estado, el control y estabilizaci\u00f3n de los precios de los productos de primera necesidad y otros.<\/p>\n\n\n\n<p><strong>El ministro de Gobierno, Francisco Jim\u00e9nez,<\/strong>&nbsp;se\u00f1al\u00f3 en una entrevista con&nbsp;<em>Ecuavisa&nbsp;<\/em>que la fuerza p\u00fablica est\u00e1 dialogando con los protestantes para facilitar la apertura de las v\u00edas en en transcurso de la ma\u00f1ana.<\/p>\n\n\n\n<p>Se\u00f1al\u00f3 que el r\u00e9gimen actuar\u00e1 con tolerancia pero apegado a la Ley. E insisti\u00f3 en que el pa\u00eds no se puede parar porque necesita recuperar su econom\u00eda. El pa\u00eds no necesita caos, indic\u00f3.<\/p>\n\n\n\n<p>No vamos a dejar de escuchar y de buscar soluciones pero no dejaremos que paralicen al pa\u00eds, dijo.<\/p>\n\n\n\n<p>Jim\u00e9nez indic\u00f3 que se le ha pedido a la fuerza p\u00fablica que intervenga respetando los derechos humanos, apegados a la ley y a la Constituci\u00f3n, que no agoten el dialogo pero que lo principal es que el pa\u00eds este en paz. \u201cNo somos un gobierno represor sino democr\u00e1tico. No vamos actuar con tibieza\u201d, agreg\u00f3. (I)<\/p>\n","protected":false},"excerpt":{"rendered":"<p>V\u00edas de al menos seis provincias del pa\u00eds amanecieron cerradas por grupos de manifestantes que se sumaron al paro nacional convocado por la Confederaci\u00f3n de Nacionalidades Ind\u00edgenas del Ecuador (Conaie), seg\u00fan reportes del Servicio Nacional de Riesgos y el ECU-911. En Tungurahua&nbsp;est\u00e1n cerradas las v\u00edas Ambato-Quito, a la altura de la entrada al Parque Nacional Cotopaxi; y la Ba\u00f1os-Puyo, en el sector de T\u00e9 Zulay altura de la Y ingreso a Madre Tierra. En Pastaza, la v\u00eda Puyo-Mera, en el sector T\u00e9 Zulay; Puyo-Macas, a la altura del Km 51 Tsuraku; y Puyo-Santa Clara-Tena, en el sector Rey de Oriente. En Chimborazo,\u00a0las v\u00edas Riobamba-Pallatanga-Guayaquil, en el sector Pangor; Riobamba-Guamote-Alaus\u00ed-Chunchi-Cuenca, que cubre las zonas de Guano, Colta Laguna de Colta, Columbe San Mart\u00edn y Alaus\u00ed La Moya. En Cotopaxi, las v\u00edas Latacunga-Quito, en la entrada al Parque Nacional Cotopaxi. En Pichincha,&nbsp;los tramos Intervalles-Ruta Viva; Cusubamba-Cayambe; Guayllabamba-Calder\u00f3n; y Tabacundo-Cajas. En Azuay: v\u00eda Cumbe-Jarata-O\u00f1a. Los manifestantes han bloqueado las carreteras con piedras, palos y llantas quemadas. La Conaie exige al gobierno de Guillermo Lasso el cumplimiento de una agenda de diez temas, entre ellos la reducci\u00f3n de los precios de los combustibles, la condonaci\u00f3n de la deuda de los campesinos con la banca p\u00fablica, el respeto a los derechos colectivos, que no se vendan los bienes del Estado, el control y estabilizaci\u00f3n de los precios de los productos de primera necesidad y otros. El ministro de Gobierno, Francisco Jim\u00e9nez,&nbsp;se\u00f1al\u00f3 en una entrevista con&nbsp;Ecuavisa&nbsp;que la fuerza p\u00fablica est\u00e1 dialogando con los protestantes para facilitar la apertura de las v\u00edas en en transcurso de la ma\u00f1ana. Se\u00f1al\u00f3 que el r\u00e9gimen actuar\u00e1 con tolerancia pero apegado a la Ley. E insisti\u00f3 en que el pa\u00eds no se puede parar porque necesita recuperar su econom\u00eda. El pa\u00eds no necesita caos, indic\u00f3. No vamos a dejar de escuchar y de buscar soluciones pero no dejaremos que paralicen al pa\u00eds, dijo. Jim\u00e9nez indic\u00f3 que se le ha pedido a la fuerza p\u00fablica que intervenga respetando los derechos humanos, apegados a la ley y a la Constituci\u00f3n, que no agoten el dialogo pero que lo principal es que el pa\u00eds este en paz. \u201cNo somos un gobierno represor sino democr\u00e1tico. No vamos actuar con tibieza\u201d, agreg\u00f3. (I)<\/p>\n","protected":false},"author":1,"featured_media":4170,"comment_status":"open","ping_status":"open","sticky":false,"template":"","format":"standard","meta":{"footnotes":""},"categories":[268],"tags":[],"class_list":["post-4169","post","type-post","status-publish","format-standard","has-post-thumbnail","hentry","category-nacionales"],"_links":{"self":[{"href":"https:\/\/www.elamazonico.com\/portal\/wp-json\/wp\/v2\/posts\/4169","targetHints":{"allow":["GET"]}}],"collection":[{"href":"https:\/\/www.elamazonico.com\/portal\/wp-json\/wp\/v2\/posts"}],"about":[{"href":"https:\/\/www.elamazonico.com\/portal\/wp-json\/wp\/v2\/types\/post"}],"author":[{"embeddable":true,"href":"https:\/\/www.elamazonico.com\/portal\/wp-json\/wp\/v2\/users\/1"}],"replies":[{"embeddable":true,"href":"https:\/\/www.elamazonico.com\/portal\/wp-json\/wp\/v2\/comments?post=4169"}],"version-history":[{"count":1,"href":"https:\/\/www.elamazonico.com\/portal\/wp-json\/wp\/v2\/posts\/4169\/revisions"}],"predecessor-version":[{"id":4171,"href":"https:\/\/www.elamazonico.com\/portal\/wp-json\/wp\/v2\/posts\/4169\/revisions\/4171"}],"wp:featuredmedia":[{"embeddable":true,"href":"https:\/\/www.elamazonico.com\/portal\/wp-json\/wp\/v2\/media\/4170"}],"wp:attachment":[{"href":"https:\/\/www.elamazonico.com\/portal\/wp-json\/wp\/v2\/media?parent=4169"}],"wp:term":[{"taxonomy":"category","embeddable":true,"href":"https:\/\/www.elamazonico.com\/portal\/wp-json\/wp\/v2\/categories?post=4169"},{"taxonomy":"post_tag","embeddable":true,"href":"https:\/\/www.elamazonico.com\/portal\/wp-json\/wp\/v2\/tags?post=4169"}],"curies":[{"name":"wp","href":"https:\/\/api.w.org\/{rel}","templated":true}]}}