{"id":4149,"date":"2022-06-10T09:48:59","date_gmt":"2022-06-10T14:48:59","guid":{"rendered":"https:\/\/www.elamazonico.com\/portal\/?p=4149"},"modified":"2022-06-10T09:49:07","modified_gmt":"2022-06-10T14:49:07","slug":"sospechoso-de-terrorismo-en-la-penitenciaria-fue-detenido-por-la-policia","status":"publish","type":"post","link":"https:\/\/www.elamazonico.com\/portal\/sospechoso-de-terrorismo-en-la-penitenciaria-fue-detenido-por-la-policia\/","title":{"rendered":"Sospechoso de terrorismo en la Penitenciar\u00eda fue detenido por La Polic\u00eda"},"content":{"rendered":"\n<p>El pasado 25 de abril se perpetr\u00f3 un atentado terrorista en las afueras de la Penitenciar\u00eda del Litoral en el que explot\u00f3 un coche bomba.<\/p>\n\n\n\n<p>Hoy, 10 de junio de 2022, el Ministerio del Interior confirm\u00f3 que el principal sospechoso del atentado en la Penitenciar\u00eda fue detenido.<\/p>\n\n\n\n<p>Seg\u00fan Patricio Carrillo, ministro del Interior, las labores de inteligencia lograron identificar al supuesto autor del hecho terrorista y se recolect\u00f3 como evidencias, un fusil, una pistola y varios tacos de sustancia explosiva.<\/p>\n\n\n\n<figure class=\"wp-block-embed is-type-rich is-provider-twitter wp-block-embed-twitter\"><div class=\"wp-block-embed__wrapper\">\nhttps:\/\/twitter.com\/MinInteriorEc\/status\/1535214451204440064\n<\/div><\/figure>\n\n\n\n<p>l Ministerio del Interior detall\u00f3, en su cuenta oficial de Twitter, que la Polic\u00eda Nacional fue el ente que detuvo al sospechoso y que la sustancia explosiva es pentolita.<\/p>\n\n\n\n<p>Seg\u00fan la cartera de Estado, el sospechoso se encuentra bajo las \u00f3rdenes de la justicia y enfrenta una acusaci\u00f3n del presunto delito de terrorismo.<\/p>\n\n\n\n<figure class=\"wp-block-embed is-type-rich is-provider-twitter wp-block-embed-twitter\"><div class=\"wp-block-embed__wrapper\">\n<blockquote class=\"twitter-tweet\" data-width=\"550\" data-dnt=\"true\"><p lang=\"es\" dir=\"ltr\">La investigaci\u00f3n la realiz\u00f3 personal de la <a href=\"https:\/\/twitter.com\/PoliciaEcuador?ref_src=twsrc%5Etfw\">@PoliciaEcuador<\/a> perteneciente a las unidades ULCO y UIAD. El detenido es Nixon M.L. quien tiene antecedentes penales por robo. Ahora est\u00e1 a \u00f3rdenes de la justicia por presunto delito de terrorismo.<a href=\"https:\/\/twitter.com\/hashtag\/UnidosContraLosViolentos?src=hash&amp;ref_src=twsrc%5Etfw\">#UnidosContraLosViolentos<\/a><\/p>&mdash; Ministerio del Interior Ecuador (@MinInteriorEc) <a href=\"https:\/\/twitter.com\/MinInteriorEc\/status\/1535215195664093189?ref_src=twsrc%5Etfw\">June 10, 2022<\/a><\/blockquote><script async src=\"https:\/\/platform.twitter.com\/widgets.js\" charset=\"utf-8\"><\/script>\n<\/div><\/figure>\n","protected":false},"excerpt":{"rendered":"<p>El pasado 25 de abril se perpetr\u00f3 un atentado terrorista en las afueras de la Penitenciar\u00eda del Litoral en el que explot\u00f3 un coche bomba. Hoy, 10 de junio de 2022, el Ministerio del Interior confirm\u00f3 que el principal sospechoso del atentado en la Penitenciar\u00eda fue detenido. Seg\u00fan Patricio Carrillo, ministro del Interior, las labores de inteligencia lograron identificar al supuesto autor del hecho terrorista y se recolect\u00f3 como evidencias, un fusil, una pistola y varios tacos de sustancia explosiva. l Ministerio del Interior detall\u00f3, en su cuenta oficial de Twitter, que la Polic\u00eda Nacional fue el ente que detuvo al sospechoso y que la sustancia explosiva es pentolita. Seg\u00fan la cartera de Estado, el sospechoso se encuentra bajo las \u00f3rdenes de la justicia y enfrenta una acusaci\u00f3n del presunto delito de terrorismo.<\/p>\n","protected":false},"author":1,"featured_media":4150,"comment_status":"open","ping_status":"open","sticky":false,"template":"","format":"standard","meta":{"footnotes":""},"categories":[268],"tags":[],"class_list":["post-4149","post","type-post","status-publish","format-standard","has-post-thumbnail","hentry","category-nacionales"],"_links":{"self":[{"href":"https:\/\/www.elamazonico.com\/portal\/wp-json\/wp\/v2\/posts\/4149","targetHints":{"allow":["GET"]}}],"collection":[{"href":"https:\/\/www.elamazonico.com\/portal\/wp-json\/wp\/v2\/posts"}],"about":[{"href":"https:\/\/www.elamazonico.com\/portal\/wp-json\/wp\/v2\/types\/post"}],"author":[{"embeddable":true,"href":"https:\/\/www.elamazonico.com\/portal\/wp-json\/wp\/v2\/users\/1"}],"replies":[{"embeddable":true,"href":"https:\/\/www.elamazonico.com\/portal\/wp-json\/wp\/v2\/comments?post=4149"}],"version-history":[{"count":1,"href":"https:\/\/www.elamazonico.com\/portal\/wp-json\/wp\/v2\/posts\/4149\/revisions"}],"predecessor-version":[{"id":4151,"href":"https:\/\/www.elamazonico.com\/portal\/wp-json\/wp\/v2\/posts\/4149\/revisions\/4151"}],"wp:featuredmedia":[{"embeddable":true,"href":"https:\/\/www.elamazonico.com\/portal\/wp-json\/wp\/v2\/media\/4150"}],"wp:attachment":[{"href":"https:\/\/www.elamazonico.com\/portal\/wp-json\/wp\/v2\/media?parent=4149"}],"wp:term":[{"taxonomy":"category","embeddable":true,"href":"https:\/\/www.elamazonico.com\/portal\/wp-json\/wp\/v2\/categories?post=4149"},{"taxonomy":"post_tag","embeddable":true,"href":"https:\/\/www.elamazonico.com\/portal\/wp-json\/wp\/v2\/tags?post=4149"}],"curies":[{"name":"wp","href":"https:\/\/api.w.org\/{rel}","templated":true}]}}