{"id":4132,"date":"2022-06-09T06:03:23","date_gmt":"2022-06-09T11:03:23","guid":{"rendered":"https:\/\/www.elamazonico.com\/portal\/?p=4132"},"modified":"2022-06-09T06:03:32","modified_gmt":"2022-06-09T11:03:32","slug":"en-saraguro-se-apertura-centro-gerontologico-para-la-comunidad-gurudel","status":"publish","type":"post","link":"https:\/\/www.elamazonico.com\/portal\/en-saraguro-se-apertura-centro-gerontologico-para-la-comunidad-gurudel\/","title":{"rendered":"En Saraguro se apertura centro gerontol\u00f3gico para la comunidad Gurudel."},"content":{"rendered":"\n<p>En un ambiente de alegr\u00eda, este mi\u00e9rcoles 08 de junio de 2022, se apertur\u00f2 un Centro Gerontol\u00f3gico de Atenci\u00f3n Diurna en la comunidad Gurudel perteneciente a parroquia Urdaneta, gracias a la firma de los convenios entre el Ministerio de Inclusi\u00f3n Econ\u00f3mica y Social (MIES) y el Municipio del cant\u00f3n Saraguro, liderado por Andr\u00e9s Mu\u00f1oz.<\/p>\n\n\n\n<p>El centro Gerontol\u00f3gico para adultos mayores, funciona en las instalaciones del antiguo Centro Diurno Infantil (CDI) ubicado en la comunidad, cerca del Subcentro de Salud y la Escuela del sector, con una inversi\u00f3n de $138.136,07 mil d\u00f3lares.<\/p>\n\n\n\n<p>La Cobertura que este centro es de 35 beneficiarios, pero se aspira brindar esta atenci\u00f3n integral a m\u00e1s usuarios con servicios que est\u00e1n concebidos para ser un complemento en la vida familiar, social y comunitaria de las personas que lo requieran.<\/p>\n\n\n\n<p>Adultos mayores de Gurudel, reciben terapias ocupacionales, f\u00edsicas, psicol\u00f3gicas, manualidades y realizan actividades l\u00fadicas y recreativas.<\/p>\n\n\n\n<p>Junto a los beneficiarios, l\u00edderes del sector, autoridades del GADMIS y MIES, se desarroll\u00f3 el acto apertura de este espacio seguro y digno para personas adultas mayores, que cuenta con profesionales como: Psic\u00f3loga cl\u00ednica,Terapista F\u00edsico, Terapista Ocupacional y Cuidadora.<\/p>\n\n\n\n<p>Andr\u00e9s Mu\u00f1oz, alcalde de Saraguro, resalt\u00f3 los esfuerzos interinstitucionales que realizaron para brindar un espacio donde se pueda atender a aquellas personas que lucharon y trabajaron en su juventud y que hoy es momento de brindarles una atenci\u00f3n integral como se merecen. \u201cAqu\u00ed contamos con un comedor, sala de manualidades, \u00e1rea de terapia f\u00edsica, ocupacional, psicol\u00f3gica y Alimentaci\u00f2n externalizada\u201d manifest\u00f3.<\/p>\n\n\n\n<p>La autoridad del MIES agradeci\u00f3 al alcalde por la voluntad pol\u00edtica de aunar esfuerzos e inst\u00f3 tambi\u00e9n a la comunidad a ser parte activa del desarrollo del centro y a involucrarse en la buena marcha del mismo.<\/p>\n\n\n\n<p>Con estas articulaciones se busca garantizar mejores condiciones de vida, un envejecimiento positivo, saludable y digno.<\/p>\n","protected":false},"excerpt":{"rendered":"<p>En un ambiente de alegr\u00eda, este mi\u00e9rcoles 08 de junio de 2022, se apertur\u00f2 un Centro Gerontol\u00f3gico de Atenci\u00f3n Diurna en la comunidad Gurudel perteneciente a parroquia Urdaneta, gracias a la firma de los convenios entre el Ministerio de Inclusi\u00f3n Econ\u00f3mica y Social (MIES) y el Municipio del cant\u00f3n Saraguro, liderado por Andr\u00e9s Mu\u00f1oz. El centro Gerontol\u00f3gico para adultos mayores, funciona en las instalaciones del antiguo Centro Diurno Infantil (CDI) ubicado en la comunidad, cerca del Subcentro de Salud y la Escuela del sector, con una inversi\u00f3n de $138.136,07 mil d\u00f3lares. La Cobertura que este centro es de 35 beneficiarios, pero se aspira brindar esta atenci\u00f3n integral a m\u00e1s usuarios con servicios que est\u00e1n concebidos para ser un complemento en la vida familiar, social y comunitaria de las personas que lo requieran. Adultos mayores de Gurudel, reciben terapias ocupacionales, f\u00edsicas, psicol\u00f3gicas, manualidades y realizan actividades l\u00fadicas y recreativas. Junto a los beneficiarios, l\u00edderes del sector, autoridades del GADMIS y MIES, se desarroll\u00f3 el acto apertura de este espacio seguro y digno para personas adultas mayores, que cuenta con profesionales como: Psic\u00f3loga cl\u00ednica,Terapista F\u00edsico, Terapista Ocupacional y Cuidadora. Andr\u00e9s Mu\u00f1oz, alcalde de Saraguro, resalt\u00f3 los esfuerzos interinstitucionales que realizaron para brindar un espacio donde se pueda atender a aquellas personas que lucharon y trabajaron en su juventud y que hoy es momento de brindarles una atenci\u00f3n integral como se merecen. \u201cAqu\u00ed contamos con un comedor, sala de manualidades, \u00e1rea de terapia f\u00edsica, ocupacional, psicol\u00f3gica y Alimentaci\u00f2n externalizada\u201d manifest\u00f3. La autoridad del MIES agradeci\u00f3 al alcalde por la voluntad pol\u00edtica de aunar esfuerzos e inst\u00f3 tambi\u00e9n a la comunidad a ser parte activa del desarrollo del centro y a involucrarse en la buena marcha del mismo. Con estas articulaciones se busca garantizar mejores condiciones de vida, un envejecimiento positivo, saludable y digno.<\/p>\n","protected":false},"author":1,"featured_media":4133,"comment_status":"open","ping_status":"open","sticky":false,"template":"","format":"standard","meta":{"footnotes":""},"categories":[268],"tags":[],"class_list":["post-4132","post","type-post","status-publish","format-standard","has-post-thumbnail","hentry","category-nacionales"],"_links":{"self":[{"href":"https:\/\/www.elamazonico.com\/portal\/wp-json\/wp\/v2\/posts\/4132","targetHints":{"allow":["GET"]}}],"collection":[{"href":"https:\/\/www.elamazonico.com\/portal\/wp-json\/wp\/v2\/posts"}],"about":[{"href":"https:\/\/www.elamazonico.com\/portal\/wp-json\/wp\/v2\/types\/post"}],"author":[{"embeddable":true,"href":"https:\/\/www.elamazonico.com\/portal\/wp-json\/wp\/v2\/users\/1"}],"replies":[{"embeddable":true,"href":"https:\/\/www.elamazonico.com\/portal\/wp-json\/wp\/v2\/comments?post=4132"}],"version-history":[{"count":1,"href":"https:\/\/www.elamazonico.com\/portal\/wp-json\/wp\/v2\/posts\/4132\/revisions"}],"predecessor-version":[{"id":4134,"href":"https:\/\/www.elamazonico.com\/portal\/wp-json\/wp\/v2\/posts\/4132\/revisions\/4134"}],"wp:featuredmedia":[{"embeddable":true,"href":"https:\/\/www.elamazonico.com\/portal\/wp-json\/wp\/v2\/media\/4133"}],"wp:attachment":[{"href":"https:\/\/www.elamazonico.com\/portal\/wp-json\/wp\/v2\/media?parent=4132"}],"wp:term":[{"taxonomy":"category","embeddable":true,"href":"https:\/\/www.elamazonico.com\/portal\/wp-json\/wp\/v2\/categories?post=4132"},{"taxonomy":"post_tag","embeddable":true,"href":"https:\/\/www.elamazonico.com\/portal\/wp-json\/wp\/v2\/tags?post=4132"}],"curies":[{"name":"wp","href":"https:\/\/api.w.org\/{rel}","templated":true}]}}