{"id":4059,"date":"2022-06-06T05:52:23","date_gmt":"2022-06-06T10:52:23","guid":{"rendered":"https:\/\/www.elamazonico.com\/portal\/?p=4059"},"modified":"2022-06-06T05:52:28","modified_gmt":"2022-06-06T10:52:28","slug":"restos-del-cadaver-de-un-nino-fueron-hallados-en-bodega","status":"publish","type":"post","link":"https:\/\/www.elamazonico.com\/portal\/restos-del-cadaver-de-un-nino-fueron-hallados-en-bodega\/","title":{"rendered":"Restos del cad\u00e1ver de un ni\u00f1o fueron hallados en bodega"},"content":{"rendered":"\n<p>Los restos del cad\u00e1ver de un ni\u00f1o fueron hallados debajo de una estructura que se us\u00f3 como empacadora de pl\u00e1tano, inform\u00f3 la Polic\u00eda este 6 de junio de 2022.<\/p>\n\n\n\n<p>El hallazgo lo realiz\u00f3 un ciudadano aproximadamente a las 6:30 de este s\u00e1bado. El hecho ocurri\u00f3 en la parroquia urbana 4 de Diciembre, a la altura del kil\u00f3metro 42 de la v\u00eda Chone.<\/p>\n\n\n\n<p>El lugar es cercano a la salida del paso lateral de El Carmen, en la provincia de Manab\u00ed.<\/p>\n\n\n\n<p>Agentes de la Direcci\u00f3n Nacional de Delitos contra la Vida, Muertes Violentas, Desapariciones, Extorsi\u00f3n y Secuestros (Dinased) inform\u00f3 que el ni\u00f1o ten\u00eda unas dos semanas de fallecido.<\/p>\n\n\n\n<p>Entre las prendas que ten\u00eda puesta el menor fallecido hab\u00eda una chompa de Venezuela.<\/p>\n\n\n\n<p>Seg\u00fan la Polic\u00eda, El Carmen no tiene ning\u00fan reporte del ni\u00f1o como desaparecido. <\/p>\n\n\n\n<p>(El Comercio)<\/p>\n","protected":false},"excerpt":{"rendered":"<p>Los restos del cad\u00e1ver de un ni\u00f1o fueron hallados debajo de una estructura que se us\u00f3 como empacadora de pl\u00e1tano, inform\u00f3 la Polic\u00eda este 6 de junio de 2022. El hallazgo lo realiz\u00f3 un ciudadano aproximadamente a las 6:30 de este s\u00e1bado. El hecho ocurri\u00f3 en la parroquia urbana 4 de Diciembre, a la altura del kil\u00f3metro 42 de la v\u00eda Chone. El lugar es cercano a la salida del paso lateral de El Carmen, en la provincia de Manab\u00ed. Agentes de la Direcci\u00f3n Nacional de Delitos contra la Vida, Muertes Violentas, Desapariciones, Extorsi\u00f3n y Secuestros (Dinased) inform\u00f3 que el ni\u00f1o ten\u00eda unas dos semanas de fallecido. Entre las prendas que ten\u00eda puesta el menor fallecido hab\u00eda una chompa de Venezuela. Seg\u00fan la Polic\u00eda, El Carmen no tiene ning\u00fan reporte del ni\u00f1o como desaparecido. (El Comercio)<\/p>\n","protected":false},"author":1,"featured_media":4060,"comment_status":"open","ping_status":"open","sticky":false,"template":"","format":"standard","meta":{"footnotes":""},"categories":[268],"tags":[],"class_list":["post-4059","post","type-post","status-publish","format-standard","has-post-thumbnail","hentry","category-nacionales"],"_links":{"self":[{"href":"https:\/\/www.elamazonico.com\/portal\/wp-json\/wp\/v2\/posts\/4059","targetHints":{"allow":["GET"]}}],"collection":[{"href":"https:\/\/www.elamazonico.com\/portal\/wp-json\/wp\/v2\/posts"}],"about":[{"href":"https:\/\/www.elamazonico.com\/portal\/wp-json\/wp\/v2\/types\/post"}],"author":[{"embeddable":true,"href":"https:\/\/www.elamazonico.com\/portal\/wp-json\/wp\/v2\/users\/1"}],"replies":[{"embeddable":true,"href":"https:\/\/www.elamazonico.com\/portal\/wp-json\/wp\/v2\/comments?post=4059"}],"version-history":[{"count":1,"href":"https:\/\/www.elamazonico.com\/portal\/wp-json\/wp\/v2\/posts\/4059\/revisions"}],"predecessor-version":[{"id":4061,"href":"https:\/\/www.elamazonico.com\/portal\/wp-json\/wp\/v2\/posts\/4059\/revisions\/4061"}],"wp:featuredmedia":[{"embeddable":true,"href":"https:\/\/www.elamazonico.com\/portal\/wp-json\/wp\/v2\/media\/4060"}],"wp:attachment":[{"href":"https:\/\/www.elamazonico.com\/portal\/wp-json\/wp\/v2\/media?parent=4059"}],"wp:term":[{"taxonomy":"category","embeddable":true,"href":"https:\/\/www.elamazonico.com\/portal\/wp-json\/wp\/v2\/categories?post=4059"},{"taxonomy":"post_tag","embeddable":true,"href":"https:\/\/www.elamazonico.com\/portal\/wp-json\/wp\/v2\/tags?post=4059"}],"curies":[{"name":"wp","href":"https:\/\/api.w.org\/{rel}","templated":true}]}}