{"id":4053,"date":"2022-06-06T05:47:27","date_gmt":"2022-06-06T10:47:27","guid":{"rendered":"https:\/\/www.elamazonico.com\/portal\/?p=4053"},"modified":"2022-06-06T05:47:31","modified_gmt":"2022-06-06T10:47:31","slug":"segunda-denuncia-del-oficialismo-contra-virgilio-saquicela","status":"publish","type":"post","link":"https:\/\/www.elamazonico.com\/portal\/segunda-denuncia-del-oficialismo-contra-virgilio-saquicela\/","title":{"rendered":"Segunda denuncia del oficialismo contra Virgilio Saquicela"},"content":{"rendered":"\n<p>El nuevo presidente de la Asamblea, Virgilio Saquicela (independiente) convoc\u00f3 para este s\u00e1bado 4 de junio de 2022, a la primera sesi\u00f3n del Consejo de Administraci\u00f3n de la Legislatura (CAL), tras haber asumido el cargo.<\/p>\n\n\n\n<p>La reuni\u00f3n estaba prevista en modalidad virtual para esta tarde. Sin embargo, no se instal\u00f3 por falta de qu\u00f3rum: no asistieron los vocales Johanna Moreira (ID), Ronny Aleaga (Unes) y Nathalie Arias (CREO).<\/p>\n\n\n\n<p>En la agenda constaba, entre otros puntos, \u201cconocer y resolver\u201d una nueva denuncia presentada por el oficialismo contra Saquicela. La queja se dio cuando se desempe\u00f1aba como primer vicepresidente, es decir, antes de que \u00e9l asumiera la Presidencia por la remoci\u00f3n de Guadalupe Llori (Pachakutik, PK).<\/p>\n\n\n\n<p><em><strong>Piden proceso similar al de Llori<\/strong><\/em><\/p>\n\n\n\n<p>Eithel Zambrano, quien forma parte de la Bancada del Acuerdo Nacional (BAN), que agrupa a Creo e independientes, solicit\u00f3 a CAL que se active un proceso de destituci\u00f3n como el que desemboc\u00f3 en la salida de Llori.<\/p>\n\n\n\n<p>La denuncia fue presentada el 27 de mayo pasado, un d\u00eda despu\u00e9s de que el CAL no diera paso a su otro pedido para que Saquicela fuese investigado por no haber asistido a las \u00faltimas sesiones convocadas por Llori.<\/p>\n\n\n\n<p>Zambrano present\u00f3 la solicitud con las firmas de los 12 legisladores de CREO.<\/p>\n\n\n\n<p>El documento tiene las mismas causales y pruebas que present\u00f3 Jahaira Urresta, del corre\u00edsmo (Uni\u00f3n por la Esperanza, Unes), para que se active un proceso de destituci\u00f3n contra Yese\u00f1a Guaman\u00ed. Esa denuncia fue calificada a tr\u00e1mite el 26 de mayo con los votos de Saquicela y los vocales Darwin Pereira (PK), Ronny Aleaga (Unes) y Johanna Moreira (ex Izquierda Democr\u00e1tica, ID).<\/p>\n\n\n\n<p><em><strong>Las causas para denunciar a Saquicela<\/strong><\/em><\/p>\n\n\n\n<p>Zambrano se\u00f1ala a Saquicela de haber incumplido con sus funciones en el tr\u00e1mite de los proyectos derogatorios a la reforma tributaria, al haber votado a favor de una moci\u00f3n de Guaman\u00ed para que la Asamblea consultara a la Corte Constitucional sobre su capacidad para derogar esta Ley.<\/p>\n\n\n\n<p>Saquicela todav\u00eda no convoca al Pleno para conformar una comisi\u00f3n pluripartidista ad hoc, que se encargue de sustanciar la denuncia de Urresta contra Guaman\u00ed.<\/p>\n\n\n\n<p>Mientras tanto, el viernes, Llori fue asignada como integrante de la Comisi\u00f3n de Garant\u00edas Constitucionales por la mayor\u00eda del corre\u00edsmo, el PSC y los disidentes de Pahakutik y la ID que la destituy\u00f3 de la Presidencia. (El Comercio)<\/p>\n","protected":false},"excerpt":{"rendered":"<p>El nuevo presidente de la Asamblea, Virgilio Saquicela (independiente) convoc\u00f3 para este s\u00e1bado 4 de junio de 2022, a la primera sesi\u00f3n del Consejo de Administraci\u00f3n de la Legislatura (CAL), tras haber asumido el cargo. La reuni\u00f3n estaba prevista en modalidad virtual para esta tarde. Sin embargo, no se instal\u00f3 por falta de qu\u00f3rum: no asistieron los vocales Johanna Moreira (ID), Ronny Aleaga (Unes) y Nathalie Arias (CREO). En la agenda constaba, entre otros puntos, \u201cconocer y resolver\u201d una nueva denuncia presentada por el oficialismo contra Saquicela. La queja se dio cuando se desempe\u00f1aba como primer vicepresidente, es decir, antes de que \u00e9l asumiera la Presidencia por la remoci\u00f3n de Guadalupe Llori (Pachakutik, PK). Piden proceso similar al de Llori Eithel Zambrano, quien forma parte de la Bancada del Acuerdo Nacional (BAN), que agrupa a Creo e independientes, solicit\u00f3 a CAL que se active un proceso de destituci\u00f3n como el que desemboc\u00f3 en la salida de Llori. La denuncia fue presentada el 27 de mayo pasado, un d\u00eda despu\u00e9s de que el CAL no diera paso a su otro pedido para que Saquicela fuese investigado por no haber asistido a las \u00faltimas sesiones convocadas por Llori. Zambrano present\u00f3 la solicitud con las firmas de los 12 legisladores de CREO. El documento tiene las mismas causales y pruebas que present\u00f3 Jahaira Urresta, del corre\u00edsmo (Uni\u00f3n por la Esperanza, Unes), para que se active un proceso de destituci\u00f3n contra Yese\u00f1a Guaman\u00ed. Esa denuncia fue calificada a tr\u00e1mite el 26 de mayo con los votos de Saquicela y los vocales Darwin Pereira (PK), Ronny Aleaga (Unes) y Johanna Moreira (ex Izquierda Democr\u00e1tica, ID). Las causas para denunciar a Saquicela Zambrano se\u00f1ala a Saquicela de haber incumplido con sus funciones en el tr\u00e1mite de los proyectos derogatorios a la reforma tributaria, al haber votado a favor de una moci\u00f3n de Guaman\u00ed para que la Asamblea consultara a la Corte Constitucional sobre su capacidad para derogar esta Ley. Saquicela todav\u00eda no convoca al Pleno para conformar una comisi\u00f3n pluripartidista ad hoc, que se encargue de sustanciar la denuncia de Urresta contra Guaman\u00ed. Mientras tanto, el viernes, Llori fue asignada como integrante de la Comisi\u00f3n de Garant\u00edas Constitucionales por la mayor\u00eda del corre\u00edsmo, el PSC y los disidentes de Pahakutik y la ID que la destituy\u00f3 de la Presidencia. (El Comercio)<\/p>\n","protected":false},"author":1,"featured_media":4054,"comment_status":"open","ping_status":"open","sticky":false,"template":"","format":"standard","meta":{"footnotes":""},"categories":[268],"tags":[],"class_list":["post-4053","post","type-post","status-publish","format-standard","has-post-thumbnail","hentry","category-nacionales"],"_links":{"self":[{"href":"https:\/\/www.elamazonico.com\/portal\/wp-json\/wp\/v2\/posts\/4053","targetHints":{"allow":["GET"]}}],"collection":[{"href":"https:\/\/www.elamazonico.com\/portal\/wp-json\/wp\/v2\/posts"}],"about":[{"href":"https:\/\/www.elamazonico.com\/portal\/wp-json\/wp\/v2\/types\/post"}],"author":[{"embeddable":true,"href":"https:\/\/www.elamazonico.com\/portal\/wp-json\/wp\/v2\/users\/1"}],"replies":[{"embeddable":true,"href":"https:\/\/www.elamazonico.com\/portal\/wp-json\/wp\/v2\/comments?post=4053"}],"version-history":[{"count":1,"href":"https:\/\/www.elamazonico.com\/portal\/wp-json\/wp\/v2\/posts\/4053\/revisions"}],"predecessor-version":[{"id":4055,"href":"https:\/\/www.elamazonico.com\/portal\/wp-json\/wp\/v2\/posts\/4053\/revisions\/4055"}],"wp:featuredmedia":[{"embeddable":true,"href":"https:\/\/www.elamazonico.com\/portal\/wp-json\/wp\/v2\/media\/4054"}],"wp:attachment":[{"href":"https:\/\/www.elamazonico.com\/portal\/wp-json\/wp\/v2\/media?parent=4053"}],"wp:term":[{"taxonomy":"category","embeddable":true,"href":"https:\/\/www.elamazonico.com\/portal\/wp-json\/wp\/v2\/categories?post=4053"},{"taxonomy":"post_tag","embeddable":true,"href":"https:\/\/www.elamazonico.com\/portal\/wp-json\/wp\/v2\/tags?post=4053"}],"curies":[{"name":"wp","href":"https:\/\/api.w.org\/{rel}","templated":true}]}}