{"id":4043,"date":"2022-06-03T05:56:32","date_gmt":"2022-06-03T10:56:32","guid":{"rendered":"https:\/\/www.elamazonico.com\/portal\/?p=4043"},"modified":"2022-06-03T05:56:35","modified_gmt":"2022-06-03T10:56:35","slug":"registro-civil-ejecuta-brigada-movil-en-palanda","status":"publish","type":"post","link":"https:\/\/www.elamazonico.com\/portal\/registro-civil-ejecuta-brigada-movil-en-palanda\/","title":{"rendered":"Registro Civil ejecuta brigada m\u00f3vil en Palanda"},"content":{"rendered":"\n<p>Esta semana, en la provincia de Zamora Chinchipe, se ejecut\u00f3 una brigada m\u00f3vil de inscripci\u00f3n de nacimiento para 17 ni\u00f1as y ni\u00f1os, de la parroquia San Francisco del Vergel, del cant\u00f3n Palanda.<\/p>\n\n\n\n<p>El Registro Civil del Ecuador atendi\u00f3 en la Casa Comunal \u201cFrancisco del Vergel\u201d, de forma personalizada a los asistentes, con el fin de garantizar el derecho a la identidad y eliminar el subregistro, una de las barreras que se ha formado durante a\u00f1os frente a las oportunidades de desarrollo en el pa\u00eds.<\/p>\n\n\n\n<p>Flor Astudillo Granda, coordinadora de Oficina T\u00e9cnica de Zamora Chinchipe, constat\u00f3 la atenci\u00f3n y dialog\u00f3 con los beneficiarios. \u201cNuestra instituci\u00f3n se compromete a seguir atendiendo y llegando con el servicio de inscripciones de nacimiento a los sectores m\u00e1s apartados de nuestra provincia.\u201d, manifest\u00f3.<\/p>\n\n\n\n<p>El compromiso de trabajo del Registro Civil del Ecuador permite, acercar los servicios a los lugares m\u00e1s apartados y asegurar la identidad de los ecuatorianos; as\u00ed como, atender con calidad y calidez a las poblaciones m\u00e1s vulnerables.<\/p>\n\n\n\n<p><strong>EL DATO:<\/strong><\/p>\n\n\n\n<ul class=\"wp-block-list\"><li>Para la inscripci\u00f3n de nacimiento se requiere el Informe de Estad\u00edstico de Nacido Vivo y c\u00e9dulas de identidad de los progenitores. Adicional, la comparecencia de uno de los progenitores si existe v\u00ednculo matrimonial o uni\u00f3n de hecho legalmente constituida; caso contrario, deber\u00e1n asistir ambos padres para el reconocimiento de la filiaci\u00f3n.<\/li><li>En caso del nacimiento sin atenci\u00f3n m\u00e9dica, adem\u00e1s de los requisitos antes expuestos deben acudir dos testigos con su c\u00e9dula de identidad.<\/li><li>Las inscripciones efectuadas dentro de los 90 d\u00edas de ocurrido el alumbramiento, se llaman ordinarias. Luego de ese periodo se consideran extraordinarias.<\/li><\/ul>\n\n\n\n<p>Para el caso de personas mayores de 18 a\u00f1os, la inscripci\u00f3n de su nacimiento se efect\u00faa mediante v\u00eda judicial<\/p>\n","protected":false},"excerpt":{"rendered":"<p>Esta semana, en la provincia de Zamora Chinchipe, se ejecut\u00f3 una brigada m\u00f3vil de inscripci\u00f3n de nacimiento para 17 ni\u00f1as y ni\u00f1os, de la parroquia San Francisco del Vergel, del cant\u00f3n Palanda. El Registro Civil del Ecuador atendi\u00f3 en la Casa Comunal \u201cFrancisco del Vergel\u201d, de forma personalizada a los asistentes, con el fin de garantizar el derecho a la identidad y eliminar el subregistro, una de las barreras que se ha formado durante a\u00f1os frente a las oportunidades de desarrollo en el pa\u00eds. Flor Astudillo Granda, coordinadora de Oficina T\u00e9cnica de Zamora Chinchipe, constat\u00f3 la atenci\u00f3n y dialog\u00f3 con los beneficiarios. \u201cNuestra instituci\u00f3n se compromete a seguir atendiendo y llegando con el servicio de inscripciones de nacimiento a los sectores m\u00e1s apartados de nuestra provincia.\u201d, manifest\u00f3. El compromiso de trabajo del Registro Civil del Ecuador permite, acercar los servicios a los lugares m\u00e1s apartados y asegurar la identidad de los ecuatorianos; as\u00ed como, atender con calidad y calidez a las poblaciones m\u00e1s vulnerables. EL DATO: Para la inscripci\u00f3n de nacimiento se requiere el Informe de Estad\u00edstico de Nacido Vivo y c\u00e9dulas de identidad de los progenitores. Adicional, la comparecencia de uno de los progenitores si existe v\u00ednculo matrimonial o uni\u00f3n de hecho legalmente constituida; caso contrario, deber\u00e1n asistir ambos padres para el reconocimiento de la filiaci\u00f3n. En caso del nacimiento sin atenci\u00f3n m\u00e9dica, adem\u00e1s de los requisitos antes expuestos deben acudir dos testigos con su c\u00e9dula de identidad. Las inscripciones efectuadas dentro de los 90 d\u00edas de ocurrido el alumbramiento, se llaman ordinarias. Luego de ese periodo se consideran extraordinarias. Para el caso de personas mayores de 18 a\u00f1os, la inscripci\u00f3n de su nacimiento se efect\u00faa mediante v\u00eda judicial<\/p>\n","protected":false},"author":1,"featured_media":4044,"comment_status":"open","ping_status":"open","sticky":false,"template":"","format":"standard","meta":{"footnotes":""},"categories":[243],"tags":[],"class_list":["post-4043","post","type-post","status-publish","format-standard","has-post-thumbnail","hentry","category-noticias-zamora"],"_links":{"self":[{"href":"https:\/\/www.elamazonico.com\/portal\/wp-json\/wp\/v2\/posts\/4043","targetHints":{"allow":["GET"]}}],"collection":[{"href":"https:\/\/www.elamazonico.com\/portal\/wp-json\/wp\/v2\/posts"}],"about":[{"href":"https:\/\/www.elamazonico.com\/portal\/wp-json\/wp\/v2\/types\/post"}],"author":[{"embeddable":true,"href":"https:\/\/www.elamazonico.com\/portal\/wp-json\/wp\/v2\/users\/1"}],"replies":[{"embeddable":true,"href":"https:\/\/www.elamazonico.com\/portal\/wp-json\/wp\/v2\/comments?post=4043"}],"version-history":[{"count":1,"href":"https:\/\/www.elamazonico.com\/portal\/wp-json\/wp\/v2\/posts\/4043\/revisions"}],"predecessor-version":[{"id":4045,"href":"https:\/\/www.elamazonico.com\/portal\/wp-json\/wp\/v2\/posts\/4043\/revisions\/4045"}],"wp:featuredmedia":[{"embeddable":true,"href":"https:\/\/www.elamazonico.com\/portal\/wp-json\/wp\/v2\/media\/4044"}],"wp:attachment":[{"href":"https:\/\/www.elamazonico.com\/portal\/wp-json\/wp\/v2\/media?parent=4043"}],"wp:term":[{"taxonomy":"category","embeddable":true,"href":"https:\/\/www.elamazonico.com\/portal\/wp-json\/wp\/v2\/categories?post=4043"},{"taxonomy":"post_tag","embeddable":true,"href":"https:\/\/www.elamazonico.com\/portal\/wp-json\/wp\/v2\/tags?post=4043"}],"curies":[{"name":"wp","href":"https:\/\/api.w.org\/{rel}","templated":true}]}}