{"id":4006,"date":"2022-06-02T09:17:16","date_gmt":"2022-06-02T14:17:16","guid":{"rendered":"https:\/\/www.elamazonico.com\/portal\/?p=4006"},"modified":"2022-06-02T09:17:22","modified_gmt":"2022-06-02T14:17:22","slug":"nayib-bukele-dice-que-esta-cerca-de-ganar-la-guerra-contra-las-pandillas-en-el-salvador","status":"publish","type":"post","link":"https:\/\/www.elamazonico.com\/portal\/nayib-bukele-dice-que-esta-cerca-de-ganar-la-guerra-contra-las-pandillas-en-el-salvador\/","title":{"rendered":"Nayib Bukele dice que est\u00e1 cerca de ganar la \u201cguerra\u201d contra las pandillas en El Salvador"},"content":{"rendered":"\n<p>El presidente de El Salvador,\u00a0<strong>Nayib Bukele<\/strong>, centr\u00f3\u00a0<strong>su discurso del tercer a\u00f1o de Gobierno en la llamada \u201cguerra contra las pandillas\u201d<\/strong>\u00a0y afirm\u00f3 se est\u00e1 a\u00a0<strong>\u201cpunto de ganar\u201d<\/strong>, adem\u00e1s enfatiz\u00f3 que el pa\u00eds \u201ces soberano e independiente\u201d.<\/p>\n\n\n\n<p>Bukele lleg\u00f3 la noche de este mi\u00e9rcoles a la Asamblea Legislativa, de amplia mayor\u00eda oficialista, para brindar un discurso a la naci\u00f3n, que fue transmitido por cadena nacional de radio y de televisi\u00f3n.<\/p>\n\n\n\n<p>El mandatario, de 40 a\u00f1os y que<strong>&nbsp;lleg\u00f3 a la Presidencia en 2019 bajo la bandera de la derechista Gran Alianza por la Unidad Nacional (GANA)<\/strong>, no se refiri\u00f3 a temas relacionados con la econom\u00eda, lo social o las m\u00e1s de 1.400 denuncias de violaciones a derechos humanos bajo el r\u00e9gimen de excepci\u00f3n vigente desde marzo.<\/p>\n\n\n\n<h3 class=\"wp-block-heading\">\u201cEstamos a punto de ganar la guerra contra las pandillas\u201d<\/h3>\n\n\n\n<p>El mandatario ha bautizado las acciones enmarcadas en el r\u00e9gimen de excepci\u00f3n, implementado desde finales de marzo tras una ola de violencia que\u00a0<strong>se cobr\u00f3 la vida de 87 personas en tres d\u00edas, como \u201cguerra contra las pandillas\u201d.<\/strong><\/p>\n\n\n\n<p>Dicha medida,&nbsp;<strong>que suspende garant\u00edas constitucionales a los ciudadanos,<\/strong>&nbsp;ha sido fuertemente criticada por organismos de derechos humanos, pero respaldada por la mayor\u00eda de la poblaci\u00f3n, seg\u00fan las encuestas.<\/p>\n\n\n\n<p>\u201cEstoy aqu\u00ed para decirle a todos algo que muchos pensaron que era imposible y que hasta hace poco nadie hubiera cre\u00eddo que fuese as\u00ed:<strong>&nbsp;estamos a punto de ganar la guerra contra las pandillas<\/strong>\u201d, dijo Bukele ante los aplausos de los diputados oficialistas.<\/p>\n\n\n\n<p>En el marco de dicho estado, las autoridades<strong>&nbsp;han capturado a m\u00e1s de 36.000 supuestos pandilleros y personas vinculadas a estas bandas.<\/strong><\/p>\n\n\n\n<p>El mandatario asegur\u00f3: \u00abEsta es la batalla m\u00e1s dif\u00edcil que hemos conquistado hasta ahora, incluso mayor que la pandemia (por la covid-19) y vamos a seguir luchando para ganarla con todas nuestras fuerzas\u00bb.<\/p>\n\n\n\n<p>Las pandillas, un fen\u00f3meno considerado como herencia de la guerra civil (1980-1992) y que se fortaleci\u00f3 con la deportaci\u00f3n de pandilleros de Estados Unidos, han resistido a los planes de seguridad implementados en las \u00faltimas cuatro Administraciones.<\/p>\n\n\n\n<p>Dijo que no se empez\u00f3 a \u00abvencer a las pandillas con el r\u00e9gimen de excepci\u00f3n\u00bb, sino que \u00abesta victoria\u00bb la empezaron \u00aba pensar y a preparar antes de asumir la Presidencia\u00bb y dieron el \u00abprimer paso\u00bb en junio de 2019 cuando lanzaron el Plan Control Territorial.<\/p>\n\n\n\n<p>El Ejecutivo de Bukele present\u00f3&nbsp;<strong>el referido plan para cortar las fuentes de financiamiento de las maras y retomar las zonas controladas por dichas bandas<\/strong>, en su mayor\u00eda barrios y colonias populosas.<\/p>\n\n\n\n<p>La poblaci\u00f3n en general desconoce un documento oficial que detalle el camino para atender desde el Estado el fen\u00f3meno de las pandillas.<\/p>\n\n\n\n<p>El mandatario se\u00f1al\u00f3 que \u00abcada fase del Plan Control Territorial fue pensada para ir desmantelando el sistema de impunidad y salvar vida de los salvadore\u00f1os\u00bb.<\/p>\n\n\n\n<p>Sin embargo, dicho plan no evit\u00f3 la escalada de homicidios de finales de abril, que coloc\u00f3 el d\u00eda 26 como el m\u00e1s violento de la historia reciente del pa\u00eds con 62 muertes violentas.<\/p>\n\n\n\n<p>Bukele llam\u00f3 a \u00abtodos\u00bb los salvadore\u00f1os a que \u00abapoyemos sin titubeos esta batalla\u00bb y que \u00abno desaprovechemos la \u00fanica oportunidad que vamos a tener\u00bb.<\/p>\n\n\n\n<p>\u00abEsta es una guerra entre todos los salvadore\u00f1os honrados contra los criminales que nos tuvieron con la zozobra, el luto y la miseria por a\u00f1os\u00bb, acot\u00f3.<\/p>\n\n\n\n<p>De acuerdo con Bukele, despu\u00e9s del conflicto armado (1980-1992), en el que la exguerrilla del Frente Farabundo Mart\u00ed para la Liberaci\u00f3n Nacional (FMLN) se enfrent\u00f3 al Ej\u00e9rcito financiado por los Estados Unidos, 120.000 salvadore\u00f1os fueron \u00abasesinados por las pandillas\u00bb.<\/p>\n","protected":false},"excerpt":{"rendered":"<p>El presidente de El Salvador,\u00a0Nayib Bukele, centr\u00f3\u00a0su discurso del tercer a\u00f1o de Gobierno en la llamada \u201cguerra contra las pandillas\u201d\u00a0y afirm\u00f3 se est\u00e1 a\u00a0\u201cpunto de ganar\u201d, adem\u00e1s enfatiz\u00f3 que el pa\u00eds \u201ces soberano e independiente\u201d. Bukele lleg\u00f3 la noche de este mi\u00e9rcoles a la Asamblea Legislativa, de amplia mayor\u00eda oficialista, para brindar un discurso a la naci\u00f3n, que fue transmitido por cadena nacional de radio y de televisi\u00f3n. El mandatario, de 40 a\u00f1os y que&nbsp;lleg\u00f3 a la Presidencia en 2019 bajo la bandera de la derechista Gran Alianza por la Unidad Nacional (GANA), no se refiri\u00f3 a temas relacionados con la econom\u00eda, lo social o las m\u00e1s de 1.400 denuncias de violaciones a derechos humanos bajo el r\u00e9gimen de excepci\u00f3n vigente desde marzo. \u201cEstamos a punto de ganar la guerra contra las pandillas\u201d El mandatario ha bautizado las acciones enmarcadas en el r\u00e9gimen de excepci\u00f3n, implementado desde finales de marzo tras una ola de violencia que\u00a0se cobr\u00f3 la vida de 87 personas en tres d\u00edas, como \u201cguerra contra las pandillas\u201d. Dicha medida,&nbsp;que suspende garant\u00edas constitucionales a los ciudadanos,&nbsp;ha sido fuertemente criticada por organismos de derechos humanos, pero respaldada por la mayor\u00eda de la poblaci\u00f3n, seg\u00fan las encuestas. \u201cEstoy aqu\u00ed para decirle a todos algo que muchos pensaron que era imposible y que hasta hace poco nadie hubiera cre\u00eddo que fuese as\u00ed:&nbsp;estamos a punto de ganar la guerra contra las pandillas\u201d, dijo Bukele ante los aplausos de los diputados oficialistas. En el marco de dicho estado, las autoridades&nbsp;han capturado a m\u00e1s de 36.000 supuestos pandilleros y personas vinculadas a estas bandas. El mandatario asegur\u00f3: \u00abEsta es la batalla m\u00e1s dif\u00edcil que hemos conquistado hasta ahora, incluso mayor que la pandemia (por la covid-19) y vamos a seguir luchando para ganarla con todas nuestras fuerzas\u00bb. Las pandillas, un fen\u00f3meno considerado como herencia de la guerra civil (1980-1992) y que se fortaleci\u00f3 con la deportaci\u00f3n de pandilleros de Estados Unidos, han resistido a los planes de seguridad implementados en las \u00faltimas cuatro Administraciones. Dijo que no se empez\u00f3 a \u00abvencer a las pandillas con el r\u00e9gimen de excepci\u00f3n\u00bb, sino que \u00abesta victoria\u00bb la empezaron \u00aba pensar y a preparar antes de asumir la Presidencia\u00bb y dieron el \u00abprimer paso\u00bb en junio de 2019 cuando lanzaron el Plan Control Territorial. El Ejecutivo de Bukele present\u00f3&nbsp;el referido plan para cortar las fuentes de financiamiento de las maras y retomar las zonas controladas por dichas bandas, en su mayor\u00eda barrios y colonias populosas. La poblaci\u00f3n en general desconoce un documento oficial que detalle el camino para atender desde el Estado el fen\u00f3meno de las pandillas. El mandatario se\u00f1al\u00f3 que \u00abcada fase del Plan Control Territorial fue pensada para ir desmantelando el sistema de impunidad y salvar vida de los salvadore\u00f1os\u00bb. Sin embargo, dicho plan no evit\u00f3 la escalada de homicidios de finales de abril, que coloc\u00f3 el d\u00eda 26 como el m\u00e1s violento de la historia reciente del pa\u00eds con 62 muertes violentas. Bukele llam\u00f3 a \u00abtodos\u00bb los salvadore\u00f1os a que \u00abapoyemos sin titubeos esta batalla\u00bb y que \u00abno desaprovechemos la \u00fanica oportunidad que vamos a tener\u00bb. \u00abEsta es una guerra entre todos los salvadore\u00f1os honrados contra los criminales que nos tuvieron con la zozobra, el luto y la miseria por a\u00f1os\u00bb, acot\u00f3. De acuerdo con Bukele, despu\u00e9s del conflicto armado (1980-1992), en el que la exguerrilla del Frente Farabundo Mart\u00ed para la Liberaci\u00f3n Nacional (FMLN) se enfrent\u00f3 al Ej\u00e9rcito financiado por los Estados Unidos, 120.000 salvadore\u00f1os fueron \u00abasesinados por las pandillas\u00bb.<\/p>\n","protected":false},"author":1,"featured_media":4007,"comment_status":"open","ping_status":"open","sticky":false,"template":"","format":"standard","meta":{"footnotes":""},"categories":[5],"tags":[],"class_list":["post-4006","post","type-post","status-publish","format-standard","has-post-thumbnail","hentry","category-internacionales"],"_links":{"self":[{"href":"https:\/\/www.elamazonico.com\/portal\/wp-json\/wp\/v2\/posts\/4006","targetHints":{"allow":["GET"]}}],"collection":[{"href":"https:\/\/www.elamazonico.com\/portal\/wp-json\/wp\/v2\/posts"}],"about":[{"href":"https:\/\/www.elamazonico.com\/portal\/wp-json\/wp\/v2\/types\/post"}],"author":[{"embeddable":true,"href":"https:\/\/www.elamazonico.com\/portal\/wp-json\/wp\/v2\/users\/1"}],"replies":[{"embeddable":true,"href":"https:\/\/www.elamazonico.com\/portal\/wp-json\/wp\/v2\/comments?post=4006"}],"version-history":[{"count":1,"href":"https:\/\/www.elamazonico.com\/portal\/wp-json\/wp\/v2\/posts\/4006\/revisions"}],"predecessor-version":[{"id":4008,"href":"https:\/\/www.elamazonico.com\/portal\/wp-json\/wp\/v2\/posts\/4006\/revisions\/4008"}],"wp:featuredmedia":[{"embeddable":true,"href":"https:\/\/www.elamazonico.com\/portal\/wp-json\/wp\/v2\/media\/4007"}],"wp:attachment":[{"href":"https:\/\/www.elamazonico.com\/portal\/wp-json\/wp\/v2\/media?parent=4006"}],"wp:term":[{"taxonomy":"category","embeddable":true,"href":"https:\/\/www.elamazonico.com\/portal\/wp-json\/wp\/v2\/categories?post=4006"},{"taxonomy":"post_tag","embeddable":true,"href":"https:\/\/www.elamazonico.com\/portal\/wp-json\/wp\/v2\/tags?post=4006"}],"curies":[{"name":"wp","href":"https:\/\/api.w.org\/{rel}","templated":true}]}}