{"id":4000,"date":"2022-06-02T06:08:07","date_gmt":"2022-06-02T11:08:07","guid":{"rendered":"https:\/\/www.elamazonico.com\/portal\/?p=4000"},"modified":"2022-06-02T06:08:11","modified_gmt":"2022-06-02T11:08:11","slug":"ninos-de-cdis-del-canton-zamora-fueron-agasajados-en-su-dia-clasico","status":"publish","type":"post","link":"https:\/\/www.elamazonico.com\/portal\/ninos-de-cdis-del-canton-zamora-fueron-agasajados-en-su-dia-clasico\/","title":{"rendered":"Ni\u00f1os de CDIs del cant\u00f3n Zamora, fueron agasajados en su d\u00eda cl\u00e1sico"},"content":{"rendered":"\n<p>La ma\u00f1ana de este mi\u00e9rcoles 01 de junio de 2022, se llev\u00f3 a cabo el programa por el \u00abD\u00eda del Ni\u00f1o\u00bb organizado por el GAD Municipal de Zamora y el Ministerio de Inclusi\u00f3n Econ\u00f3mica y Social (MIES).<\/p>\n\n\n\n<p>Evento efectuado en las instalaciones del Centro Recreacional \u201cLos Toboganes\u201d, programaci\u00f3n, que cont\u00f3 con la presencia de autoridades del cant\u00f3n, provincia, padres de familias junto a sus infantes, quienes disfrutaron de todo el cronograma estipulado en su d\u00eda cl\u00e1sico.<\/p>\n\n\n\n<p>Segundo Bermeo, director de Gesti\u00f3n Socioecon\u00f3mico del GAD municipal de Zamora, dio las palabras de bienvenida al evento a todas las familias de los Centros de Desarrollo Infantil del cant\u00f3n Zamora. En su intervenci\u00f3n indic\u00f3 que, \u201cCuando hablamos de 173 ni\u00f1os que se educan en los tres CDIs: Carita de \u00c1ngel, Coraz\u00f3n de Jes\u00fas y Bombuscaro, hacemos referencia a la ardua labor que tienen las maestras, para educar a esta generaci\u00f3n que ser\u00e1 en pr\u00f3ximos a\u00f1os el futuro de la Patria\u201d.<\/p>\n\n\n\n<p>Asimismo, agradeci\u00f3 al Alcalde del cant\u00f3n Zamora, a la coordinadora de los CDIs, y al director del MIES por la organizaci\u00f3n del evento, destacando que mediante esta programaci\u00f3n los m\u00e1s peque\u00f1os del hogar han podido disfrutar de m\u00faltiples din\u00e1micas y pasar un momento amenos con sus familiares.<\/p>\n\n\n\n<p>Javier Bustamante, director distrital del MIES, manifest\u00f3 que es necesario articular con m\u00e1s entidades p\u00fablicas, para velar por los derechos y fortalecer el compromiso de crear ambientes sanos y saludables para los ni\u00f1os del cant\u00f3n y provincia. Adem\u00e1s, dijo que como instituci\u00f3n est\u00e1n comprometidos en garantizar que los derechos de la ni\u00f1ez se respeten y cumplan a cabalidad.<\/p>\n\n\n\n<p>En este contexto, Manuel Gonz\u00e1lez, alcalde del cant\u00f3n Zamora, dijo que el GAD Municipal, siempre estar\u00e1 con la predisposici\u00f3n de firmar convenios y generar alianzas con las instituciones p\u00fablicas, para propiciar tranquilidad y bienestar a la ni\u00f1ez zamorana.<\/p>\n\n\n\n<p>\u201cEl compromiso del GAD municipal de Zamora, es continuar trabajando con la convicci\u00f3n de servir a la ni\u00f1ez que crece y se educa en los diferentes centros de desarrollo infantil. Nuestro apoyo siempre por los ni\u00f1os, el futuro de nuestra patria\u201d agreg\u00f3 finalmente Gonz\u00e1lez.<\/p>\n","protected":false},"excerpt":{"rendered":"<p>La ma\u00f1ana de este mi\u00e9rcoles 01 de junio de 2022, se llev\u00f3 a cabo el programa por el \u00abD\u00eda del Ni\u00f1o\u00bb organizado por el GAD Municipal de Zamora y el Ministerio de Inclusi\u00f3n Econ\u00f3mica y Social (MIES). Evento efectuado en las instalaciones del Centro Recreacional \u201cLos Toboganes\u201d, programaci\u00f3n, que cont\u00f3 con la presencia de autoridades del cant\u00f3n, provincia, padres de familias junto a sus infantes, quienes disfrutaron de todo el cronograma estipulado en su d\u00eda cl\u00e1sico. Segundo Bermeo, director de Gesti\u00f3n Socioecon\u00f3mico del GAD municipal de Zamora, dio las palabras de bienvenida al evento a todas las familias de los Centros de Desarrollo Infantil del cant\u00f3n Zamora. En su intervenci\u00f3n indic\u00f3 que, \u201cCuando hablamos de 173 ni\u00f1os que se educan en los tres CDIs: Carita de \u00c1ngel, Coraz\u00f3n de Jes\u00fas y Bombuscaro, hacemos referencia a la ardua labor que tienen las maestras, para educar a esta generaci\u00f3n que ser\u00e1 en pr\u00f3ximos a\u00f1os el futuro de la Patria\u201d. Asimismo, agradeci\u00f3 al Alcalde del cant\u00f3n Zamora, a la coordinadora de los CDIs, y al director del MIES por la organizaci\u00f3n del evento, destacando que mediante esta programaci\u00f3n los m\u00e1s peque\u00f1os del hogar han podido disfrutar de m\u00faltiples din\u00e1micas y pasar un momento amenos con sus familiares. Javier Bustamante, director distrital del MIES, manifest\u00f3 que es necesario articular con m\u00e1s entidades p\u00fablicas, para velar por los derechos y fortalecer el compromiso de crear ambientes sanos y saludables para los ni\u00f1os del cant\u00f3n y provincia. Adem\u00e1s, dijo que como instituci\u00f3n est\u00e1n comprometidos en garantizar que los derechos de la ni\u00f1ez se respeten y cumplan a cabalidad. En este contexto, Manuel Gonz\u00e1lez, alcalde del cant\u00f3n Zamora, dijo que el GAD Municipal, siempre estar\u00e1 con la predisposici\u00f3n de firmar convenios y generar alianzas con las instituciones p\u00fablicas, para propiciar tranquilidad y bienestar a la ni\u00f1ez zamorana. \u201cEl compromiso del GAD municipal de Zamora, es continuar trabajando con la convicci\u00f3n de servir a la ni\u00f1ez que crece y se educa en los diferentes centros de desarrollo infantil. Nuestro apoyo siempre por los ni\u00f1os, el futuro de nuestra patria\u201d agreg\u00f3 finalmente Gonz\u00e1lez.<\/p>\n","protected":false},"author":1,"featured_media":4001,"comment_status":"open","ping_status":"open","sticky":false,"template":"","format":"standard","meta":{"footnotes":""},"categories":[243],"tags":[],"class_list":["post-4000","post","type-post","status-publish","format-standard","has-post-thumbnail","hentry","category-noticias-zamora"],"_links":{"self":[{"href":"https:\/\/www.elamazonico.com\/portal\/wp-json\/wp\/v2\/posts\/4000","targetHints":{"allow":["GET"]}}],"collection":[{"href":"https:\/\/www.elamazonico.com\/portal\/wp-json\/wp\/v2\/posts"}],"about":[{"href":"https:\/\/www.elamazonico.com\/portal\/wp-json\/wp\/v2\/types\/post"}],"author":[{"embeddable":true,"href":"https:\/\/www.elamazonico.com\/portal\/wp-json\/wp\/v2\/users\/1"}],"replies":[{"embeddable":true,"href":"https:\/\/www.elamazonico.com\/portal\/wp-json\/wp\/v2\/comments?post=4000"}],"version-history":[{"count":1,"href":"https:\/\/www.elamazonico.com\/portal\/wp-json\/wp\/v2\/posts\/4000\/revisions"}],"predecessor-version":[{"id":4002,"href":"https:\/\/www.elamazonico.com\/portal\/wp-json\/wp\/v2\/posts\/4000\/revisions\/4002"}],"wp:featuredmedia":[{"embeddable":true,"href":"https:\/\/www.elamazonico.com\/portal\/wp-json\/wp\/v2\/media\/4001"}],"wp:attachment":[{"href":"https:\/\/www.elamazonico.com\/portal\/wp-json\/wp\/v2\/media?parent=4000"}],"wp:term":[{"taxonomy":"category","embeddable":true,"href":"https:\/\/www.elamazonico.com\/portal\/wp-json\/wp\/v2\/categories?post=4000"},{"taxonomy":"post_tag","embeddable":true,"href":"https:\/\/www.elamazonico.com\/portal\/wp-json\/wp\/v2\/tags?post=4000"}],"curies":[{"name":"wp","href":"https:\/\/api.w.org\/{rel}","templated":true}]}}