{"id":3985,"date":"2022-05-31T05:52:36","date_gmt":"2022-05-31T10:52:36","guid":{"rendered":"https:\/\/www.elamazonico.com\/portal\/?p=3985"},"modified":"2022-05-31T05:52:41","modified_gmt":"2022-05-31T10:52:41","slug":"prefectura-impulsa-la-reforestacion-en-zamora-chinchipe","status":"publish","type":"post","link":"https:\/\/www.elamazonico.com\/portal\/prefectura-impulsa-la-reforestacion-en-zamora-chinchipe\/","title":{"rendered":"<a><strong>Prefectura impulsa la reforestaci\u00f3n en Zamora Chinchipe<\/strong><\/a>"},"content":{"rendered":"\n<p>Al conmemorarse el D\u00eda del \u00c1rbol y Diversidad Biol\u00f3gica, la Mesa Provincial por El Clima y los Bosques de Zamora Chinchipe, encabezada por la prefectura, realiz\u00f3 el denominado \u201cSiembrat\u00f3n\u201d; con la finalidad de ejecutar actividades de reforestaci\u00f3n en la provincia. Por tal raz\u00f3n instituciones p\u00fablicas y privadas, se dieron cita a los eventos donde se lograron plantar 1200 \u00e1rboles frutales, forestales y maderables en los cantones de Zamora y Centinela del C\u00f3ndor.<\/p>\n\n\n\n<p>Esta actividad se realiz\u00f3 bajo proyectos de establecimiento de silvopasturas, y educaci\u00f3n ambiental, donde los participantes fueron: integrantes de la mesa provincial (MAG, MAATE, PROAmazon\u00eda), municipalidades de Zamora y Centinela del C\u00f3ndor, instituciones educativas (Colegio San Francisco, Colegio de Bachillerato Zumbi) y populares personajes de la provincia (Ecuamedios).<\/p>\n\n\n\n<p><a>\u201cEste es el inicio de diversas acciones de educaci\u00f3n ambiental. La planificaci\u00f3n establecida por parte de la mesa provincial replicar\u00e1 proyectos enfocados a los m\u00e1s j\u00f3venes, con la finalidad de dar a conocer m\u00e1s sobre reforestaci\u00f3n, restauraci\u00f3n, conservaci\u00f3n y producci\u00f3n\u201d, mencion\u00f3 G\u00e9nesis Romero, directora del departamento de Gesti\u00f3n Ambiental del GAD Provincial.<\/a><\/p>\n\n\n\n<p>Por otra parte, Guillermo Sarango, alumno del Colegio de Bachillerato Zumbi manifest\u00f3: \u201cEs una buena ense\u00f1anza e incentivo, me parece parte fundamental del diario vivir hacer algo bueno por nuestros ecosistemas\u2026 yo le dir\u00eda a la poblaci\u00f3n que no talen los \u00e1rboles y cuide la naturaleza\u201d, coment\u00f3 el estudiante.<\/p>\n\n\n\n<p><a>Bajo este criterio, el cultivo en el cant\u00f3n Zamora se realiz\u00f3 en las riberas r\u00edo Bombuscaro, r\u00edo Zamora y Casa Hogar Betania; mientras que en Centinela del C\u00f3ndor se lo realiz\u00f3 en barrios rurales del cant\u00f3n.&nbsp;&nbsp;<\/a>De esta manera, y a trav\u00e9s de plantas, desinfectante de sustrato y abono la prefectura de Zamora Chinchipe ratifica su compromiso y contribuye a la conservaci\u00f3n ambiental de la provincia y amazonia ecuatoriana.<\/p>\n","protected":false},"excerpt":{"rendered":"<p>Al conmemorarse el D\u00eda del \u00c1rbol y Diversidad Biol\u00f3gica, la Mesa Provincial por El Clima y los Bosques de Zamora Chinchipe, encabezada por la prefectura, realiz\u00f3 el denominado \u201cSiembrat\u00f3n\u201d; con la finalidad de ejecutar actividades de reforestaci\u00f3n en la provincia. Por tal raz\u00f3n instituciones p\u00fablicas y privadas, se dieron cita a los eventos donde se lograron plantar 1200 \u00e1rboles frutales, forestales y maderables en los cantones de Zamora y Centinela del C\u00f3ndor. Esta actividad se realiz\u00f3 bajo proyectos de establecimiento de silvopasturas, y educaci\u00f3n ambiental, donde los participantes fueron: integrantes de la mesa provincial (MAG, MAATE, PROAmazon\u00eda), municipalidades de Zamora y Centinela del C\u00f3ndor, instituciones educativas (Colegio San Francisco, Colegio de Bachillerato Zumbi) y populares personajes de la provincia (Ecuamedios). \u201cEste es el inicio de diversas acciones de educaci\u00f3n ambiental. La planificaci\u00f3n establecida por parte de la mesa provincial replicar\u00e1 proyectos enfocados a los m\u00e1s j\u00f3venes, con la finalidad de dar a conocer m\u00e1s sobre reforestaci\u00f3n, restauraci\u00f3n, conservaci\u00f3n y producci\u00f3n\u201d, mencion\u00f3 G\u00e9nesis Romero, directora del departamento de Gesti\u00f3n Ambiental del GAD Provincial. Por otra parte, Guillermo Sarango, alumno del Colegio de Bachillerato Zumbi manifest\u00f3: \u201cEs una buena ense\u00f1anza e incentivo, me parece parte fundamental del diario vivir hacer algo bueno por nuestros ecosistemas\u2026 yo le dir\u00eda a la poblaci\u00f3n que no talen los \u00e1rboles y cuide la naturaleza\u201d, coment\u00f3 el estudiante. Bajo este criterio, el cultivo en el cant\u00f3n Zamora se realiz\u00f3 en las riberas r\u00edo Bombuscaro, r\u00edo Zamora y Casa Hogar Betania; mientras que en Centinela del C\u00f3ndor se lo realiz\u00f3 en barrios rurales del cant\u00f3n.&nbsp;&nbsp;De esta manera, y a trav\u00e9s de plantas, desinfectante de sustrato y abono la prefectura de Zamora Chinchipe ratifica su compromiso y contribuye a la conservaci\u00f3n ambiental de la provincia y amazonia ecuatoriana.<\/p>\n","protected":false},"author":1,"featured_media":3986,"comment_status":"open","ping_status":"open","sticky":false,"template":"","format":"standard","meta":{"footnotes":""},"categories":[1],"tags":[],"class_list":["post-3985","post","type-post","status-publish","format-standard","has-post-thumbnail","hentry","category-uncategorized"],"_links":{"self":[{"href":"https:\/\/www.elamazonico.com\/portal\/wp-json\/wp\/v2\/posts\/3985","targetHints":{"allow":["GET"]}}],"collection":[{"href":"https:\/\/www.elamazonico.com\/portal\/wp-json\/wp\/v2\/posts"}],"about":[{"href":"https:\/\/www.elamazonico.com\/portal\/wp-json\/wp\/v2\/types\/post"}],"author":[{"embeddable":true,"href":"https:\/\/www.elamazonico.com\/portal\/wp-json\/wp\/v2\/users\/1"}],"replies":[{"embeddable":true,"href":"https:\/\/www.elamazonico.com\/portal\/wp-json\/wp\/v2\/comments?post=3985"}],"version-history":[{"count":1,"href":"https:\/\/www.elamazonico.com\/portal\/wp-json\/wp\/v2\/posts\/3985\/revisions"}],"predecessor-version":[{"id":3987,"href":"https:\/\/www.elamazonico.com\/portal\/wp-json\/wp\/v2\/posts\/3985\/revisions\/3987"}],"wp:featuredmedia":[{"embeddable":true,"href":"https:\/\/www.elamazonico.com\/portal\/wp-json\/wp\/v2\/media\/3986"}],"wp:attachment":[{"href":"https:\/\/www.elamazonico.com\/portal\/wp-json\/wp\/v2\/media?parent=3985"}],"wp:term":[{"taxonomy":"category","embeddable":true,"href":"https:\/\/www.elamazonico.com\/portal\/wp-json\/wp\/v2\/categories?post=3985"},{"taxonomy":"post_tag","embeddable":true,"href":"https:\/\/www.elamazonico.com\/portal\/wp-json\/wp\/v2\/tags?post=3985"}],"curies":[{"name":"wp","href":"https:\/\/api.w.org\/{rel}","templated":true}]}}