{"id":3949,"date":"2022-05-27T10:40:36","date_gmt":"2022-05-27T15:40:36","guid":{"rendered":"https:\/\/www.elamazonico.com\/portal\/?p=3949"},"modified":"2022-05-27T10:40:41","modified_gmt":"2022-05-27T15:40:41","slug":"primiza-cumple-noveno-aniversario-de-fundacion","status":"publish","type":"post","link":"https:\/\/www.elamazonico.com\/portal\/primiza-cumple-noveno-aniversario-de-fundacion\/","title":{"rendered":"PRIMIZA cumple noveno aniversario de fundaci\u00f3n"},"content":{"rendered":"\n<p>El movimiento cantonal Primero Mi Zamora (PRIMIZA) celebr\u00f3 su noveno aniversario el 14 de mayo a trav\u00e9s de su filosof\u00eda: justicia y equidad social. Esta agrupaci\u00f3n pol\u00edtica de \u00edndole cantonal fue creada por el Lic. Edgar Rodr\u00edguez Flores, m\u00e1s conocido como \u201cel sambo\u201d en el a\u00f1o 2013. Contando con varios a\u00f1os de historia tiene la esperanza de convertirse en un partido de car\u00e1cter provincial e ir ascendiendo a nivel nacional.<\/p>\n\n\n\n<p>Su actual presidente, el Lic. Mario Paz, indica que la manera de celebrar esta conmemoraci\u00f3n es asegur\u00e1ndose y constatando que a todas las personas no les falte lo necesario e imprescindible como: el agua, el alcantarillado, entre otros servicios b\u00e1sicos. \u201cSon situaciones elementales que deben suceder y esta organizaci\u00f3n pol\u00edtica entiende perfectamente a trav\u00e9s de sus actores y dirigentes que se encuentran al frente que cuando no hay mucho dinero, se debe priorizar las necesidades primordiales\u201d.<\/p>\n\n\n\n<p>Paz explica que, si un GAD tiene un presupuesto, ese debe ser asignado y ajustado para las necesidades b\u00e1sicas de la sociedad. Adem\u00e1s, expresa que el movimiento PRIMIZA, es una organizaci\u00f3n pol\u00edtica con bases de justicia y equidad social.<\/p>\n\n\n\n<p>El l\u00edder pol\u00edtico cree que debe haber un acercamiento a la gente para cambiar la historia. Creen necesaria rehabilitar el sistema pol\u00edtico, donde actualmente sus elegidos van por beneficios personales y profesionales, hacia el bien com\u00fan. \u201cSe deben hacer planes realizables y si se ofrece la palabra, se debe cumplir\u201d. El sue\u00f1o de esta organizaci\u00f3n es dar autoridades a la provincia de Zamora Chinchipe a trav\u00e9s de este partido pol\u00edtico cantonal y que siga creciendo estructuralmente a nivel provincial y nacional.<\/p>\n\n\n\n<p>\u201cEstamos unidos por principios y no por intereses. Un principio fundamental es quien sea elegido para representar en cualquier dignidad, debe ser una persona honrada, esa es la condici\u00f3n indispensable e imprescindible\u201d. Aduce el l\u00edder pol\u00edtico al referirse a las cualidades que deben tener los candidatos por este movimiento.<\/p>\n\n\n\n<p>Comenta que ya se han identificado los candidatos para los GADs parroquiales rurales dentro del cant\u00f3n Zamora. Socializan los ejes de trabajo de parte de la organizaci\u00f3n. Se est\u00e1 trabajando en el reconocimiento y correcci\u00f3n de errores pasados.<\/p>\n\n\n\n<p>Al estar en territorio, la gente exige a la clase pol\u00edtica, la verdad que muestren proyectos que se puedan ejecutar.<\/p>\n\n\n\n<p>Precandidaturas oficiales:<\/p>\n\n\n\n<ul class=\"wp-block-list\"><li>Dr. Jaime Fares a la concejal\u00eda rural.<\/li><li>Mario Paz, alcald\u00eda de Zamora.<\/li><\/ul>\n\n\n\n<p>El precandidato por la alcald\u00eda, reacciona a la situaci\u00f3n del IV eje vial, donde ha habido bastante presi\u00f3n por parte de la ciudadan\u00eda, de los medios de comunicaci\u00f3n, actores pol\u00edticos con un mismo objetivo que es la conclusi\u00f3n de este proyecto, mismo que ha sido ofrecimiento de campa\u00f1a de distintos movimientos pol\u00edticos en tiempos de campa\u00f1a. En espera de su cumplimiento para disfrutar de un viaje m\u00e1s confortable en ambas direcciones; la que se dirige a la parte norte del Per\u00fa y la provincia de Loja.<\/p>\n\n\n\n<p>\u201cHemos caminado en el tema pol\u00edtico en este tiempo. Se encuentran las v\u00edas en p\u00e9simo estado, sin mantenimiento. Se debe entender que, para la parte productiva y tur\u00edstica, es fundamental el buen estado de las v\u00edas; ello bajar\u00eda costos de transporte y mantenimiento en los veh\u00edculos de los productores que se trasladan a los diferentes centros de comercializaci\u00f3n en la ciudad\u201d. Concluye al referirse a la situaci\u00f3n vial de la provincia de Zamora Chinchipe.<\/p>\n","protected":false},"excerpt":{"rendered":"<p>El movimiento cantonal Primero Mi Zamora (PRIMIZA) celebr\u00f3 su noveno aniversario el 14 de mayo a trav\u00e9s de su filosof\u00eda: justicia y equidad social. Esta agrupaci\u00f3n pol\u00edtica de \u00edndole cantonal fue creada por el Lic. Edgar Rodr\u00edguez Flores, m\u00e1s conocido como \u201cel sambo\u201d en el a\u00f1o 2013. Contando con varios a\u00f1os de historia tiene la esperanza de convertirse en un partido de car\u00e1cter provincial e ir ascendiendo a nivel nacional. Su actual presidente, el Lic. Mario Paz, indica que la manera de celebrar esta conmemoraci\u00f3n es asegur\u00e1ndose y constatando que a todas las personas no les falte lo necesario e imprescindible como: el agua, el alcantarillado, entre otros servicios b\u00e1sicos. \u201cSon situaciones elementales que deben suceder y esta organizaci\u00f3n pol\u00edtica entiende perfectamente a trav\u00e9s de sus actores y dirigentes que se encuentran al frente que cuando no hay mucho dinero, se debe priorizar las necesidades primordiales\u201d. Paz explica que, si un GAD tiene un presupuesto, ese debe ser asignado y ajustado para las necesidades b\u00e1sicas de la sociedad. Adem\u00e1s, expresa que el movimiento PRIMIZA, es una organizaci\u00f3n pol\u00edtica con bases de justicia y equidad social. El l\u00edder pol\u00edtico cree que debe haber un acercamiento a la gente para cambiar la historia. Creen necesaria rehabilitar el sistema pol\u00edtico, donde actualmente sus elegidos van por beneficios personales y profesionales, hacia el bien com\u00fan. \u201cSe deben hacer planes realizables y si se ofrece la palabra, se debe cumplir\u201d. El sue\u00f1o de esta organizaci\u00f3n es dar autoridades a la provincia de Zamora Chinchipe a trav\u00e9s de este partido pol\u00edtico cantonal y que siga creciendo estructuralmente a nivel provincial y nacional. \u201cEstamos unidos por principios y no por intereses. Un principio fundamental es quien sea elegido para representar en cualquier dignidad, debe ser una persona honrada, esa es la condici\u00f3n indispensable e imprescindible\u201d. Aduce el l\u00edder pol\u00edtico al referirse a las cualidades que deben tener los candidatos por este movimiento. Comenta que ya se han identificado los candidatos para los GADs parroquiales rurales dentro del cant\u00f3n Zamora. Socializan los ejes de trabajo de parte de la organizaci\u00f3n. Se est\u00e1 trabajando en el reconocimiento y correcci\u00f3n de errores pasados. Al estar en territorio, la gente exige a la clase pol\u00edtica, la verdad que muestren proyectos que se puedan ejecutar. Precandidaturas oficiales: Dr. Jaime Fares a la concejal\u00eda rural. Mario Paz, alcald\u00eda de Zamora. El precandidato por la alcald\u00eda, reacciona a la situaci\u00f3n del IV eje vial, donde ha habido bastante presi\u00f3n por parte de la ciudadan\u00eda, de los medios de comunicaci\u00f3n, actores pol\u00edticos con un mismo objetivo que es la conclusi\u00f3n de este proyecto, mismo que ha sido ofrecimiento de campa\u00f1a de distintos movimientos pol\u00edticos en tiempos de campa\u00f1a. En espera de su cumplimiento para disfrutar de un viaje m\u00e1s confortable en ambas direcciones; la que se dirige a la parte norte del Per\u00fa y la provincia de Loja. \u201cHemos caminado en el tema pol\u00edtico en este tiempo. Se encuentran las v\u00edas en p\u00e9simo estado, sin mantenimiento. Se debe entender que, para la parte productiva y tur\u00edstica, es fundamental el buen estado de las v\u00edas; ello bajar\u00eda costos de transporte y mantenimiento en los veh\u00edculos de los productores que se trasladan a los diferentes centros de comercializaci\u00f3n en la ciudad\u201d. Concluye al referirse a la situaci\u00f3n vial de la provincia de Zamora Chinchipe.<\/p>\n","protected":false},"author":1,"featured_media":3950,"comment_status":"open","ping_status":"open","sticky":false,"template":"","format":"standard","meta":{"footnotes":""},"categories":[243],"tags":[],"class_list":["post-3949","post","type-post","status-publish","format-standard","has-post-thumbnail","hentry","category-noticias-zamora"],"_links":{"self":[{"href":"https:\/\/www.elamazonico.com\/portal\/wp-json\/wp\/v2\/posts\/3949","targetHints":{"allow":["GET"]}}],"collection":[{"href":"https:\/\/www.elamazonico.com\/portal\/wp-json\/wp\/v2\/posts"}],"about":[{"href":"https:\/\/www.elamazonico.com\/portal\/wp-json\/wp\/v2\/types\/post"}],"author":[{"embeddable":true,"href":"https:\/\/www.elamazonico.com\/portal\/wp-json\/wp\/v2\/users\/1"}],"replies":[{"embeddable":true,"href":"https:\/\/www.elamazonico.com\/portal\/wp-json\/wp\/v2\/comments?post=3949"}],"version-history":[{"count":1,"href":"https:\/\/www.elamazonico.com\/portal\/wp-json\/wp\/v2\/posts\/3949\/revisions"}],"predecessor-version":[{"id":3951,"href":"https:\/\/www.elamazonico.com\/portal\/wp-json\/wp\/v2\/posts\/3949\/revisions\/3951"}],"wp:featuredmedia":[{"embeddable":true,"href":"https:\/\/www.elamazonico.com\/portal\/wp-json\/wp\/v2\/media\/3950"}],"wp:attachment":[{"href":"https:\/\/www.elamazonico.com\/portal\/wp-json\/wp\/v2\/media?parent=3949"}],"wp:term":[{"taxonomy":"category","embeddable":true,"href":"https:\/\/www.elamazonico.com\/portal\/wp-json\/wp\/v2\/categories?post=3949"},{"taxonomy":"post_tag","embeddable":true,"href":"https:\/\/www.elamazonico.com\/portal\/wp-json\/wp\/v2\/tags?post=3949"}],"curies":[{"name":"wp","href":"https:\/\/api.w.org\/{rel}","templated":true}]}}