{"id":3941,"date":"2022-05-27T10:37:22","date_gmt":"2022-05-27T15:37:22","guid":{"rendered":"https:\/\/www.elamazonico.com\/portal\/?p=3941"},"modified":"2022-05-27T10:37:29","modified_gmt":"2022-05-27T15:37:29","slug":"yantzaza-abre-el-telon-al-talento-local","status":"publish","type":"post","link":"https:\/\/www.elamazonico.com\/portal\/yantzaza-abre-el-telon-al-talento-local\/","title":{"rendered":"<strong>Yantzaza, abre el tel\u00f3n al talento local<\/strong>"},"content":{"rendered":"\n<p>Con el objetivo de fomentar y fortalecer el aspecto cultural del cant\u00f3n y sus parroquias, se desarroll\u00f3 la Noche Cultural del Talento Barrial, organizado por la Coordinaci\u00f3n de Educaci\u00f3n, Cultura y Patrimonio del GAD Yantzaza.<\/p>\n\n\n\n<p>M\u00fasica, danza y pintura se expusieron en la primera edici\u00f3n de este festival cultural que cont\u00f3 con la participaci\u00f3n de artistas locales, grupos de danza de las parroquias Chica\u00f1a y Los Encuentros y la intervenci\u00f3n de la orquesta Son Especial perteneciente al Municipio de Loja.<\/p>\n\n\n\n<p>Este tipo de programas est\u00e1 dirigido a los amantes del arte y la cultura, son espacios para que ni\u00f1os, ni\u00f1as, adolescentes y p\u00fablico en general, demuestren sus habilidades en las diferentes actividades culturales y manifestaciones art\u00edsticas, que se desarrollar\u00e1n en algunos barrios de la cabecera cantonal y en sus dos parroquias.&nbsp;&nbsp;<\/p>\n\n\n\n<p>\u201cRecuerden que Yantzaza es un cant\u00f3n pluricultural y multi\u00e9tnico, y eso es lo que hay que resaltar, dar a conocer, es decir, difundir la riqueza con la que contamos dentro del Valle de las Luci\u00e9rnagas\u201d, manifest\u00f3 Ruth Gonz\u00e1lez, vicealcaldesa de Yantzaza. Adem\u00e1s, aprovech\u00f3 la oportunidad para invitarles a formar parte de los talleres, cursos y actividades que se imparten desde la Coordinaci\u00f3n de Cultura.<\/p>\n\n\n\n<p>&nbsp;\u201cEs digno de felicitar el aporte que brinda la Municipalidad para el desarrollo de este tipo de eventos, que permiten que la ciudadan\u00eda se vincule con las diferentes actividades culturales que ofrece el cant\u00f3n\u201d expres\u00f3 Carlos Pineda, coordinador del \u00e1rea.<\/p>\n","protected":false},"excerpt":{"rendered":"<p>Con el objetivo de fomentar y fortalecer el aspecto cultural del cant\u00f3n y sus parroquias, se desarroll\u00f3 la Noche Cultural del Talento Barrial, organizado por la Coordinaci\u00f3n de Educaci\u00f3n, Cultura y Patrimonio del GAD Yantzaza. M\u00fasica, danza y pintura se expusieron en la primera edici\u00f3n de este festival cultural que cont\u00f3 con la participaci\u00f3n de artistas locales, grupos de danza de las parroquias Chica\u00f1a y Los Encuentros y la intervenci\u00f3n de la orquesta Son Especial perteneciente al Municipio de Loja. Este tipo de programas est\u00e1 dirigido a los amantes del arte y la cultura, son espacios para que ni\u00f1os, ni\u00f1as, adolescentes y p\u00fablico en general, demuestren sus habilidades en las diferentes actividades culturales y manifestaciones art\u00edsticas, que se desarrollar\u00e1n en algunos barrios de la cabecera cantonal y en sus dos parroquias.&nbsp;&nbsp; \u201cRecuerden que Yantzaza es un cant\u00f3n pluricultural y multi\u00e9tnico, y eso es lo que hay que resaltar, dar a conocer, es decir, difundir la riqueza con la que contamos dentro del Valle de las Luci\u00e9rnagas\u201d, manifest\u00f3 Ruth Gonz\u00e1lez, vicealcaldesa de Yantzaza. Adem\u00e1s, aprovech\u00f3 la oportunidad para invitarles a formar parte de los talleres, cursos y actividades que se imparten desde la Coordinaci\u00f3n de Cultura. &nbsp;\u201cEs digno de felicitar el aporte que brinda la Municipalidad para el desarrollo de este tipo de eventos, que permiten que la ciudadan\u00eda se vincule con las diferentes actividades culturales que ofrece el cant\u00f3n\u201d expres\u00f3 Carlos Pineda, coordinador del \u00e1rea.<\/p>\n","protected":false},"author":1,"featured_media":3942,"comment_status":"open","ping_status":"open","sticky":false,"template":"","format":"standard","meta":{"footnotes":""},"categories":[243],"tags":[],"class_list":["post-3941","post","type-post","status-publish","format-standard","has-post-thumbnail","hentry","category-noticias-zamora"],"_links":{"self":[{"href":"https:\/\/www.elamazonico.com\/portal\/wp-json\/wp\/v2\/posts\/3941","targetHints":{"allow":["GET"]}}],"collection":[{"href":"https:\/\/www.elamazonico.com\/portal\/wp-json\/wp\/v2\/posts"}],"about":[{"href":"https:\/\/www.elamazonico.com\/portal\/wp-json\/wp\/v2\/types\/post"}],"author":[{"embeddable":true,"href":"https:\/\/www.elamazonico.com\/portal\/wp-json\/wp\/v2\/users\/1"}],"replies":[{"embeddable":true,"href":"https:\/\/www.elamazonico.com\/portal\/wp-json\/wp\/v2\/comments?post=3941"}],"version-history":[{"count":1,"href":"https:\/\/www.elamazonico.com\/portal\/wp-json\/wp\/v2\/posts\/3941\/revisions"}],"predecessor-version":[{"id":3945,"href":"https:\/\/www.elamazonico.com\/portal\/wp-json\/wp\/v2\/posts\/3941\/revisions\/3945"}],"wp:featuredmedia":[{"embeddable":true,"href":"https:\/\/www.elamazonico.com\/portal\/wp-json\/wp\/v2\/media\/3942"}],"wp:attachment":[{"href":"https:\/\/www.elamazonico.com\/portal\/wp-json\/wp\/v2\/media?parent=3941"}],"wp:term":[{"taxonomy":"category","embeddable":true,"href":"https:\/\/www.elamazonico.com\/portal\/wp-json\/wp\/v2\/categories?post=3941"},{"taxonomy":"post_tag","embeddable":true,"href":"https:\/\/www.elamazonico.com\/portal\/wp-json\/wp\/v2\/tags?post=3941"}],"curies":[{"name":"wp","href":"https:\/\/api.w.org\/{rel}","templated":true}]}}