{"id":3925,"date":"2022-05-26T06:01:32","date_gmt":"2022-05-26T11:01:32","guid":{"rendered":"https:\/\/www.elamazonico.com\/portal\/?p=3925"},"modified":"2022-05-26T06:01:36","modified_gmt":"2022-05-26T11:01:36","slug":"adjudicatarios-del-antiguo-mercado-central-se-sienten-afectados-por-la-reubicacion","status":"publish","type":"post","link":"https:\/\/www.elamazonico.com\/portal\/adjudicatarios-del-antiguo-mercado-central-se-sienten-afectados-por-la-reubicacion\/","title":{"rendered":"Adjudicatarios del antiguo mercado central se sienten afectados por la reubicaci\u00f3n"},"content":{"rendered":"\n<p>El mercado central municipal de la ciudad de Zamora \u201cReina del Cisne\u201d, se encuentra en etapa de remodelaci\u00f3n. La actual administraci\u00f3n liderada por el alcalde Manuel Gonz\u00e1lez, inici\u00f3 con esta obra que es financiada por la Secretar\u00eda T\u00e9cnica de la Amazonia, se prev\u00e9 que a la finalizaci\u00f3n de la misma cuente con una moderna infraestructura.<\/p>\n\n\n\n<p>Mientras tanto, los adjudicatarios de este centro de abastos han sido reubicados dentro del espacio de la feria libre.&nbsp; Donde es visible la ausencia de personas que buscan los diferentes productos que expenden en este centro mercantil.<\/p>\n\n\n\n<p>Los propietarios de estos negocios se sienten preocupados, pues no venden ni la mitad de lo que vend\u00edan antes. Incluso una se\u00f1ora dijo que no vende ni tres d\u00f3lares al d\u00eda. Sin embargo, siguen cancelando los mismos valores de arrendamiento por la ocupaci\u00f3n del espacio, pese a no recibir los mismos beneficios. \u201cA nosotros nos entregaron una estructura de pleibo. Nos toc\u00f3 invertir en mallas para el cerramiento y proteger nuestros productos por el tema de seguridad\u201d.<\/p>\n\n\n\n<p>Muestran su disgusto porque ellos se han visto en la obligaci\u00f3n de invertir en infraestructura con el objetivo de proteger sus pertenencias, pues comentan que solo se les entrego ciertos materiales para la adecuaci\u00f3n de su espacio de trabajo.<\/p>\n\n\n\n<p>Su gran preocupaci\u00f3n es la baja concurrencia de personas que acuden, debido a ello no pueden cancelar facturas y algunos mencionan que vienen adeudando meses anteriores de arrendamiento con el municipio, porque no llegan a completar ni para las cuotas de las facturas.<\/p>\n\n\n\n<p>De manera comedida solicitan al alcalde y a la administraci\u00f3n municipal busquen una soluci\u00f3n inmediata, pues aparte de los bajos ingresos, deben lidiar con la competencia desleal de los comerciantes ambulantes que muchas de las veces llegan desde otras ciudades, sin pagar ning\u00fan tipo de impuestos.<\/p>\n\n\n\n<p>Se encuentran a la espera de que el alcalde y los concejales tomen conciencia y disminuyan el valor del cobro mensual, pues no avanzan a cubrir las cuotas que pagaban anteriormente. No hay ingresos por lo que deben pagar de su bolsillo. No hay circulaci\u00f3n de personas porque no ha habido la suficiente promoci\u00f3n y publicidad de la nueva ubicaci\u00f3n.<\/p>\n\n\n\n<p>Los adjudicatarios comentan que muchos puestos de ventas han sufrido robos debido a que no cuentan con las suficientes garant\u00edas de seguridad. Por ello instan a las autoridades a darse cita al lugar y conocer de sus necesidades. (I) LM<\/p>\n","protected":false},"excerpt":{"rendered":"<p>El mercado central municipal de la ciudad de Zamora \u201cReina del Cisne\u201d, se encuentra en etapa de remodelaci\u00f3n. La actual administraci\u00f3n liderada por el alcalde Manuel Gonz\u00e1lez, inici\u00f3 con esta obra que es financiada por la Secretar\u00eda T\u00e9cnica de la Amazonia, se prev\u00e9 que a la finalizaci\u00f3n de la misma cuente con una moderna infraestructura. Mientras tanto, los adjudicatarios de este centro de abastos han sido reubicados dentro del espacio de la feria libre.&nbsp; Donde es visible la ausencia de personas que buscan los diferentes productos que expenden en este centro mercantil. Los propietarios de estos negocios se sienten preocupados, pues no venden ni la mitad de lo que vend\u00edan antes. Incluso una se\u00f1ora dijo que no vende ni tres d\u00f3lares al d\u00eda. Sin embargo, siguen cancelando los mismos valores de arrendamiento por la ocupaci\u00f3n del espacio, pese a no recibir los mismos beneficios. \u201cA nosotros nos entregaron una estructura de pleibo. Nos toc\u00f3 invertir en mallas para el cerramiento y proteger nuestros productos por el tema de seguridad\u201d. Muestran su disgusto porque ellos se han visto en la obligaci\u00f3n de invertir en infraestructura con el objetivo de proteger sus pertenencias, pues comentan que solo se les entrego ciertos materiales para la adecuaci\u00f3n de su espacio de trabajo. Su gran preocupaci\u00f3n es la baja concurrencia de personas que acuden, debido a ello no pueden cancelar facturas y algunos mencionan que vienen adeudando meses anteriores de arrendamiento con el municipio, porque no llegan a completar ni para las cuotas de las facturas. De manera comedida solicitan al alcalde y a la administraci\u00f3n municipal busquen una soluci\u00f3n inmediata, pues aparte de los bajos ingresos, deben lidiar con la competencia desleal de los comerciantes ambulantes que muchas de las veces llegan desde otras ciudades, sin pagar ning\u00fan tipo de impuestos. Se encuentran a la espera de que el alcalde y los concejales tomen conciencia y disminuyan el valor del cobro mensual, pues no avanzan a cubrir las cuotas que pagaban anteriormente. No hay ingresos por lo que deben pagar de su bolsillo. No hay circulaci\u00f3n de personas porque no ha habido la suficiente promoci\u00f3n y publicidad de la nueva ubicaci\u00f3n. Los adjudicatarios comentan que muchos puestos de ventas han sufrido robos debido a que no cuentan con las suficientes garant\u00edas de seguridad. Por ello instan a las autoridades a darse cita al lugar y conocer de sus necesidades. (I) LM<\/p>\n","protected":false},"author":1,"featured_media":3926,"comment_status":"open","ping_status":"open","sticky":false,"template":"","format":"standard","meta":{"footnotes":""},"categories":[243],"tags":[],"class_list":["post-3925","post","type-post","status-publish","format-standard","has-post-thumbnail","hentry","category-noticias-zamora"],"_links":{"self":[{"href":"https:\/\/www.elamazonico.com\/portal\/wp-json\/wp\/v2\/posts\/3925","targetHints":{"allow":["GET"]}}],"collection":[{"href":"https:\/\/www.elamazonico.com\/portal\/wp-json\/wp\/v2\/posts"}],"about":[{"href":"https:\/\/www.elamazonico.com\/portal\/wp-json\/wp\/v2\/types\/post"}],"author":[{"embeddable":true,"href":"https:\/\/www.elamazonico.com\/portal\/wp-json\/wp\/v2\/users\/1"}],"replies":[{"embeddable":true,"href":"https:\/\/www.elamazonico.com\/portal\/wp-json\/wp\/v2\/comments?post=3925"}],"version-history":[{"count":1,"href":"https:\/\/www.elamazonico.com\/portal\/wp-json\/wp\/v2\/posts\/3925\/revisions"}],"predecessor-version":[{"id":3927,"href":"https:\/\/www.elamazonico.com\/portal\/wp-json\/wp\/v2\/posts\/3925\/revisions\/3927"}],"wp:featuredmedia":[{"embeddable":true,"href":"https:\/\/www.elamazonico.com\/portal\/wp-json\/wp\/v2\/media\/3926"}],"wp:attachment":[{"href":"https:\/\/www.elamazonico.com\/portal\/wp-json\/wp\/v2\/media?parent=3925"}],"wp:term":[{"taxonomy":"category","embeddable":true,"href":"https:\/\/www.elamazonico.com\/portal\/wp-json\/wp\/v2\/categories?post=3925"},{"taxonomy":"post_tag","embeddable":true,"href":"https:\/\/www.elamazonico.com\/portal\/wp-json\/wp\/v2\/tags?post=3925"}],"curies":[{"name":"wp","href":"https:\/\/api.w.org\/{rel}","templated":true}]}}